{"id":317086,"date":"2019-02-26T22:01:27","date_gmt":"2019-02-26T21:01:27","guid":{"rendered":"https:\/\/www.focolare.org\/brasil-para-alem-da-polarizacao-politico-ideologica-2\/"},"modified":"2024-05-15T21:09:09","modified_gmt":"2024-05-15T19:09:09","slug":"brasil-para-alem-da-polarizacao-politico-ideologica-2","status":"publish","type":"post","link":"https:\/\/www.focolare.org\/pt-pt\/brasil-para-alem-da-polarizacao-politico-ideologica-2\/","title":{"rendered":"Brasil, para al\u00e9m da polariza\u00e7\u00e3o pol\u00edtico-ideol\u00f3gica\/2"},"content":{"rendered":"<p><em>A imagem de um pa\u00eds impregnado de disputas pol\u00edticas e ideol\u00f3gicas, amplamente difundidas pela m\u00eddia brasileira em geral, tende a esconder a realidade daqueles que agem pelo bem comum, enfrentando as diverg\u00eancias de opini\u00e3o atrav\u00e9s do di\u00e1logo e com a\u00e7\u00f5es concretas de solidariedade.<\/em>  Embora sendo marcado por uma forte polariza\u00e7\u00e3o pol\u00edtico-ideol\u00f3gica, o Brasil cultiva, na maior parte silenciosamente, os germes de uma sociedade renovada aberta ao di\u00e1logo, solid\u00e1ria, lan\u00e7ada na dire\u00e7\u00e3o da constru\u00e7\u00e3o de rela\u00e7\u00f5es de fraternidade. No espa\u00e7o pol\u00edtico e no sociocultural mais amplo.  Ap\u00f3s ter falado das iniciativas postas em campo pelos mais variados \u00f3rg\u00e3os, eclesiais e n\u00e3o, para promover uma reflex\u00e3o pol\u00edtica fundamentada no di\u00e1logo \u2013 entendida como resposta \u00e0 solicita\u00e7\u00e3o crescente de uma nova cultura democr\u00e1tica e participativa \u2013 queremos agora p\u00f4r em luz o empenho de muitos no campo da solidariedade e do voluntariado.  <strong>Frequentemente, de fato, a a\u00e7\u00e3o<\/strong> pol\u00edtica \u00e9 guiada por um senso de solidariedade com aqueles que sofrem. Desde 2016, quando o governo do Estado do Rio de Janeiro come\u00e7ou a retardar o pagamento dos sal\u00e1rios dos funcion\u00e1rios p\u00fablicos, al\u00e9m da luta nos tribunais e dos numerosos atos pol\u00edticos de protesto contra este recurso, emergiu uma rede de solidariedade a favor dos trabalhadores e das suas fam\u00edlias que sofreram mais por causa desta situa\u00e7\u00e3o. Os gestos se multiplicaram em todo o Estado, seja por parte de indiv\u00edduos seja de coletividades. Para ajudar as fam\u00edlias em dificuldades uma s\u00e9rie de organiza\u00e7\u00f5es se mobilizaram para angariar recursos e preparar cestas b\u00e1sicas, para adquirir medicamentos e satisfazer outras necessidades prim\u00e1rias. A Arquidiocese e as outras dioceses cat\u00f3licas do Rio de Janeiro, assim como outras igrejas e uni\u00f5es crist\u00e3s, operaram em colabora\u00e7\u00e3o com o assim chamado Movimento Unificado dos Funcion\u00e1rios P\u00fablicos do Estado (Muspe).  <img alt=\"\" alt=\"\" loading=\"lazy\" decoding=\"async\" class=\"alignleft wp-image-185402\" src=\"https:\/\/www.focolare.org\/wp-content\/uploads\/2019\/02\/venezuela-8-90x45.jpg\" alt=\"\" width=\"400\" height=\"200\">Uma situa\u00e7\u00e3o semelhante viu cerca de 40 entidades brasileiras, entre religiosas e civis, trabalhar juntas para acolher refugiados provenientes sobretudo da Venezuela. Alguns destes entes realizam a\u00e7\u00f5es de emerg\u00eancia (oferta de alimentos e medicamentos, tratamentos m\u00e9dicos e psicol\u00f3gicos), enquanto outros ajudam a obter a resid\u00eancia no Brasil atrav\u00e9s do acesso \u00e0 documenta\u00e7\u00e3o necess\u00e1ria, cursos de l\u00edngua portuguesa, alojamento e trabalho. Estas entidades foram particularmente ativas na regi\u00e3o de fronteira entre os dois pa\u00edses, mas tamb\u00e9m em outras regi\u00f5es para onde foram enviadas fam\u00edlias de refugiados na tentativa de oferecer a elas melhores oportunidades de trabalho e de alojamento.  Iniciativas deste tipo refletem o desejo de muitos brasileiros de \u201calcan\u00e7ar\u201d continuamente aqueles que t\u00eam mais necessidade de ajuda. \u00c9 talvez este impulso que justifica os dados da pesquisa \u201cOther Forms of Work\u201d, conduzida em 2017 e recentemente publicada pelo Instituto Brasileiro de Geografia e Estat\u00edstica (IBGE). Segundo esta pesquisa, 7,4 milh\u00f5es de pessoas fizeram voluntariado naquele ano, o equivalente de 4,4% da popula\u00e7\u00e3o de 14 anos ou mais. Por voluntariado os pesquisadores entendem o trabalho n\u00e3o obrigat\u00f3rio, realizado pelo menos uma hora por semana, sem receber uma retribui\u00e7\u00e3o ou benef\u00edcios em troca, por pessoas que n\u00e3o vivem na mesma fam\u00edlia do volunt\u00e1rio e n\u00e3o s\u00e3o a sua fam\u00edlia. Sempre segundo a pesquisa, o perfil dos volunt\u00e1rios no Brasil descreve principalmente mulheres que junto com as atividades de voluntariado se ocupam de trabalho profissional e dom\u00e9stico.  Outro exemplo que vem do Movimento dos Focolares \u00e9 <a href=\"http:\/\/www.milongaproject.org\/\" target=\"_blank\" rel=\"noopener noreferrer\">Milonga<\/a>, um programa que p\u00f5e em contato as organiza\u00e7\u00f5es n\u00e3o governamentais de car\u00e1ter social de sete pa\u00edses com jovens que querem integrar a pr\u00f3pria forma\u00e7\u00e3o humana com o voluntariado, doando o seu tempo e o seu trabalho. Em outubro de 2018, 75 volunt\u00e1rios do projeto trabalharam em 19 organiza\u00e7\u00f5es no Brasil, Argentina, Bol\u00edvia, M\u00e9xico, Paraguai, Venezuela, Uruguai, Qu\u00eania e Jord\u00e2nia. \u201cAprendi que a ess\u00eancia da vida n\u00e3o \u00e9 ter, mas ser. \u00c0s vezes estamos cheios de muitas coisas, mas o que conta de verdade s\u00e3o as que permanecem na eternidade do momento presente\u201d, disse Rarison Gomes, 30 anos, origin\u00e1rio de Manaus.&nbsp;  A experi\u00eancia do voluntariado coincide com um certo protagonismo juvenil em crescimento entre os adolescentes brasileiros que desejam passar da reflex\u00e3o pol\u00edtica \u00e0 a\u00e7\u00e3o. Um exemplo significativo \u00e9 a experi\u00eancia do Coletivo Juventude Campo Cidade, nascido mais de dez anos atr\u00e1s a partir de uma conversa entre amigos na cidadezinha de Po\u00e7o Redondo, no interior do Estado de Sergipe, no nordeste do Brasil. Alguns destes jovens j\u00e1 eram ativos em movimentos sociais no Alto Sert\u00e3o Sergipano, como \u00e9 chamada aquela regi\u00e3o. Motivados pelo processo eleitoral de 2008, estes adolescentes decidiram dar vida a um programa de forma\u00e7\u00e3o pol\u00edtica para os jovens da regi\u00e3o. Embora sem recursos e com escasso apoio, o grupo organizou um curso em 11 etapas com a dura\u00e7\u00e3o de um ano e meio. Na origem do projeto uma clara tomada de consci\u00eancia: era necess\u00e1rio se formar, conhecer a realidade, para assumir o protagonismo social na regi\u00e3o. \u201cHavia a sensa\u00e7\u00e3o de querer transformar a sociedade e isto amadureceu em cada fase do curso\u201d, diz Dami\u00e3o Rodrigues Souza, um dos idealizadores da iniciativa. No final do primeiro curso, os jovens conclu\u00edram que a experi\u00eancia iniciada ali deveria continuar se baseando em tr\u00eas pilares: forma\u00e7\u00e3o, organiza\u00e7\u00e3o e luta. O \u00faltimo destes pilares se concretizou numa s\u00e9rie de iniciativas que produziram resultados eficazes: a instala\u00e7\u00e3o de um campus de uma universidade p\u00fablica federal na regi\u00e3o; a constru\u00e7\u00e3o de um teatro popular com uma capacidade de 200 pessoas na cidade de Po\u00e7o Redondo (constru\u00eddo pelos pr\u00f3prios jovens); a concess\u00e3o por parte do governo federal de um peda\u00e7o de terra, at\u00e9 ent\u00e3o inativo, a ser destinado para o cultivo de produtos biol\u00f3gicos pelos jovens.  Mesmo se isolados e dispersos ao longo dos mais de oito milh\u00f5es de quil\u00f4metros quadrados do Brasil, estes e muitos outros exemplos de di\u00e1logo e participa\u00e7\u00e3o pol\u00edtica, assim como de a\u00e7\u00e3o concreta para a constru\u00e7\u00e3o de uma sociedade justa e fraterna, testemunham um quadro muito mais sadio do que aquele da simples polariza\u00e7\u00e3o pol\u00edtica em que grande parte da sociedade brasileira foi conduzida. Para os protagonistas destas a\u00e7\u00f5es, a esperan\u00e7a est\u00e1 na convic\u00e7\u00e3o de que os exemplos e os frutos concretos estejam em condi\u00e7\u00f5es de capturar \u201cseguidores\u201d e de potencializar este protagonismo, fundamental para unir as pessoas em prol do bem comum e indo al\u00e9m das diferen\u00e7as pol\u00edtico-ideol\u00f3gicas. <\/p>\n<p style=\"text-align: right;\"><em>Lu\u00eds Henrique Marques<\/em><\/p>\n","protected":false},"excerpt":{"rendered":"<p>A imagem de um pa\u00eds impregnado de disputas pol\u00edticas e ideol\u00f3gicas, amplamente difundidas pela m\u00eddia brasileira em geral, tende a esconder a realidade daqueles que agem pelo bem comum, enfrentando as diverg\u00eancias de opini\u00e3o atrav\u00e9s do di\u00e1logo e com a\u00e7\u00f5es concretas de solidariedade.<\/p>\n","protected":false},"author":24,"featured_media":0,"comment_status":"open","ping_status":"open","sticky":false,"template":"","format":"standard","meta":{"give_campaign_id":0,"_seopress_robots_primary_cat":"","_seopress_titles_title":"","_seopress_titles_desc":"","_seopress_robots_index":"","_et_pb_use_builder":"","_et_pb_old_content":"","_et_gb_content_width":"","footnotes":""},"categories":[129],"tags":[],"class_list":["post-317086","post","type-post","status-publish","format-standard","hentry","category-sem-categoria"],"_links":{"self":[{"href":"https:\/\/www.focolare.org\/pt-pt\/wp-json\/wp\/v2\/posts\/317086","targetHints":{"allow":["GET"]}}],"collection":[{"href":"https:\/\/www.focolare.org\/pt-pt\/wp-json\/wp\/v2\/posts"}],"about":[{"href":"https:\/\/www.focolare.org\/pt-pt\/wp-json\/wp\/v2\/types\/post"}],"author":[{"embeddable":true,"href":"https:\/\/www.focolare.org\/pt-pt\/wp-json\/wp\/v2\/users\/24"}],"replies":[{"embeddable":true,"href":"https:\/\/www.focolare.org\/pt-pt\/wp-json\/wp\/v2\/comments?post=317086"}],"version-history":[{"count":0,"href":"https:\/\/www.focolare.org\/pt-pt\/wp-json\/wp\/v2\/posts\/317086\/revisions"}],"wp:attachment":[{"href":"https:\/\/www.focolare.org\/pt-pt\/wp-json\/wp\/v2\/media?parent=317086"}],"wp:term":[{"taxonomy":"category","embeddable":true,"href":"https:\/\/www.focolare.org\/pt-pt\/wp-json\/wp\/v2\/categories?post=317086"},{"taxonomy":"post_tag","embeddable":true,"href":"https:\/\/www.focolare.org\/pt-pt\/wp-json\/wp\/v2\/tags?post=317086"}],"curies":[{"name":"wp","href":"https:\/\/api.w.org\/{rel}","templated":true}]}}