{"id":317090,"date":"2019-03-01T22:02:25","date_gmt":"2019-03-01T21:02:25","guid":{"rendered":"https:\/\/www.focolare.org\/dialogo-e-relacionamentos\/"},"modified":"2024-05-15T21:09:09","modified_gmt":"2024-05-15T19:09:09","slug":"dialogo-e-relacionamentos","status":"publish","type":"post","link":"https:\/\/www.focolare.org\/pt-pt\/dialogo-e-relacionamentos\/","title":{"rendered":"Di\u00e1logo e relacionamentos"},"content":{"rendered":"<p><em>\u201cUma vida pela unidade\u201d: \u00e9 esse o t\u00edtulo da not\u00edcia com a qual o Movimento de Schoenstatt anunciou o falecimento do padre Michael Johannes Marmann, antigo presidente geral, que ocorreu na noite de 26 de fevereiro de 2019.<\/em>  Com padre Marmann, este movimento apost\u00f3lico, que nasceu em 1914 na Alemanha, perde uma figura central. Ele nasceu em 1937 em Berlim e era o mais velho de tr\u00eas irm\u00e3os. Depois de concluir os estudos de filosofia e teologia, foi ordenado sacerdote em 1963 em Col\u00f4nia e continuou os estudos em Tubinga e Ratisbona. Em 1973, concluiu um doutorado orientado pelo ent\u00e3o professor Josef Ratzinger. O relacionamento do papa Bento com seus ex-alunos durou, tamb\u00e9m para o padre Marmann, a vida inteira. De fato, se encontravam todos os anos, ultimamente no Centro Mari\u00e1polis de Castelgandolfo na maioria das vezes, para aprofundar temas teol\u00f3gicos atuais.  Em sua ordena\u00e7\u00e3o sacerdotal, padre Marmann conheceu o Movimento de Schoenstatt e seu fundador, padre Josef Kentenich, que na \u00e9poca ainda estava exilado em Milwaukee (EUA) por ordem das autoridades eclesiais. Depois de um encontro pessoal com ele, padre Marmann decidiu entrar no instituto secular dos Padres de Schoenstatt e tornou-se padre espiritual do setor das meninas. Depois, empenhou-se no trabalho pastoral para os sacerdotes, fam\u00edlias e m\u00e3es e, de 1983 a 1991, tornou-se o respons\u00e1vel do Movimento na Alemanha. Em 1990, os Padres de Schoenstatt o elegem superior geral, uma tarefa \u00e0 qual est\u00e1 ligada tamb\u00e9m a fun\u00e7\u00e3o da presid\u00eancia geral.  Padre Marmann desenvolveu esses servi\u00e7os com grande abertura ao di\u00e1logo e aten\u00e7\u00e3o aos relacionamentos seja dentro do Movimento seja externamente. Seu empenho pela unidade da grande e diversificada obra de Kentenich se alargou depois de modo natural \u00e0 comunh\u00e3o com outros movimentos: primeiro na Igreja na Alemanha e depois, sobretudo, na rede de \u201cJuntos pela Europa\u201d. Nasceram relacionamentos de profunda amizade e unidade espiritual com representantes de outros movimentos entre eles Helmut Niklas do ACM de M\u00f4naco, Andrea Riccardi da Comunidade de Santo Eg\u00eddio e Chiara Lubich.  Na sua mensagem de p\u00easames, Maria Voce, presidente do Movimento dos Focolares, recorda as &#8220;muitas etapas desse caminho&#8221;, como aquela em 1999, quando Chiara Lubich, Andr\u00e9 Riccardi e Padre Marmann fizeram, no Santu\u00e1rio de Sch\u00f6nstatt, a Alian\u00e7a de amor diante da sepultura de Padre Kentenich e exprime a certeza de que &#8220;Maria, M\u00e3e Tr\u00eas Vezes Admir\u00e1vel, o ter\u00e1 acompanhado at\u00e9 o encontro jubiloso com Cristo no Seu Reino de paz&#8221;. <\/p>\n<p style=\"text-align: right;\"><em>Joachim Schwind<\/em><\/p>\n<div class=\"et_pb_slider et_pb_slider_fullwidth_off et_pb_gallery_post_type\">\n\t\t\t\t<div class=\"et_pb_slides\">\n\t\t\t\t\t\n\t\t\t\t<\/div>\n\t\t\t<\/div>\n","protected":false},"excerpt":{"rendered":"<p>\u201cUma vida pela unidade\u201d: \u00e9 esse o t\u00edtulo da not\u00edcia com a qual o Movimento de Schoenstatt anunciou o falecimento do padre Michael Johannes Marmann, antigo presidente geral, que ocorreu na noite de 26 de fevereiro de 2019.<\/p>\n","protected":false},"author":27,"featured_media":0,"comment_status":"open","ping_status":"open","sticky":false,"template":"","format":"standard","meta":{"give_campaign_id":0,"_seopress_robots_primary_cat":"","_seopress_titles_title":"","_seopress_titles_desc":"","_seopress_robots_index":"","_et_pb_use_builder":"","_et_pb_old_content":"","_et_gb_content_width":"","footnotes":""},"categories":[129],"tags":[],"class_list":["post-317090","post","type-post","status-publish","format-standard","hentry","category-sem-categoria"],"_links":{"self":[{"href":"https:\/\/www.focolare.org\/pt-pt\/wp-json\/wp\/v2\/posts\/317090","targetHints":{"allow":["GET"]}}],"collection":[{"href":"https:\/\/www.focolare.org\/pt-pt\/wp-json\/wp\/v2\/posts"}],"about":[{"href":"https:\/\/www.focolare.org\/pt-pt\/wp-json\/wp\/v2\/types\/post"}],"author":[{"embeddable":true,"href":"https:\/\/www.focolare.org\/pt-pt\/wp-json\/wp\/v2\/users\/27"}],"replies":[{"embeddable":true,"href":"https:\/\/www.focolare.org\/pt-pt\/wp-json\/wp\/v2\/comments?post=317090"}],"version-history":[{"count":0,"href":"https:\/\/www.focolare.org\/pt-pt\/wp-json\/wp\/v2\/posts\/317090\/revisions"}],"wp:attachment":[{"href":"https:\/\/www.focolare.org\/pt-pt\/wp-json\/wp\/v2\/media?parent=317090"}],"wp:term":[{"taxonomy":"category","embeddable":true,"href":"https:\/\/www.focolare.org\/pt-pt\/wp-json\/wp\/v2\/categories?post=317090"},{"taxonomy":"post_tag","embeddable":true,"href":"https:\/\/www.focolare.org\/pt-pt\/wp-json\/wp\/v2\/tags?post=317090"}],"curies":[{"name":"wp","href":"https:\/\/api.w.org\/{rel}","templated":true}]}}