{"id":317136,"date":"2019-04-04T20:01:08","date_gmt":"2019-04-04T18:01:08","guid":{"rendered":"https:\/\/www.focolare.org\/mocambique-ficamos-aqui-decididos-a-ajudar-essas-pessoas\/"},"modified":"2024-05-15T21:09:17","modified_gmt":"2024-05-15T19:09:17","slug":"mocambique-ficamos-aqui-decididos-a-ajudar-essas-pessoas","status":"publish","type":"post","link":"https:\/\/www.focolare.org\/pt-pt\/mocambique-ficamos-aqui-decididos-a-ajudar-essas-pessoas\/","title":{"rendered":"Mo\u00e7ambique: \u201cFicamos aqui, decididos a ajudar essas pessoas\u201d"},"content":{"rendered":"<p><em>No fim de mar\u00e7o, a <i>Coordena\u00e7\u00e3o do Movimento dos Focolares para Emerg\u00eancias<\/i> foi acionada para ajudar as comunidades atingidas pela inunda\u00e7\u00e3o no sudeste da \u00c1frica, em particular, na miss\u00e3o de Dombe. Ildo Foppa, o respons\u00e1vel, nos mandou uma mensagem.<\/em>  \u201cTemos aqui quatro casas de recupera\u00e7\u00e3o, uma escola agr\u00edcola e um centro diurno, que foram completamente cobertos pela \u00e1gua. Perdemos tudo: m\u00f3veis, documentos, animais, tratores. Agora, estamos alojados em nosso pequeno hospital, que se salvou juntamente \u00e0 igreja, \u00e0 casa das irm\u00e3s e ao col\u00e9gio.  Estamos cuidando de 1300 pessoas que est\u00e3o hospedadas em duas escolas. H\u00e1 muitas necessidades. Precisamos sobretudo de barracas, comida, cobertores, barcos simples para atravessar o rio.  Muita gente morreu nas proximidades da nossa miss\u00e3o, principalmente crian\u00e7as. S\u00e3o bem mais do que foi comunicado. Quando o n\u00edvel da \u00e1gua baixou, foram encontrados corpos pendurados nas \u00e1rvores.  Ontem, encontrei na rua um jovem desesperado, que n\u00e3o sabia aonde ir, procurando sabe-se l\u00e1 quem. Quando me contou sua hist\u00f3ria, n\u00e3o consegui me conter, levei-o para a miss\u00e3o para morar conosco: \u201cA \u00e1gua subiu de repente\u201d, me disse, \u201cpeguei meu filho de oito meses, minha mulher e meus dois irm\u00e3os e subimos em uma \u00e1rvore. De repente, a \u00e1rvore caiu e vi um por um ser arrastado pela \u00e1gua. S\u00f3 eu me salvei porque me segurei em um tronco. Fiquei 30 horas na \u00e1gua, a cinco quil\u00f4metros de casa\u201d. Seu nome \u00e9 Silvestre e tem 22 anos.  Escutamos hist\u00f3rias como essa todos os dias.  Ficamos aqui, decididos a ajudar essas pessoas que j\u00e1 sofriam muito antes. Mas algo me diz que algo grande e bom nos espera. Pedimos que rezem para que tenhamos sa\u00fade e for\u00e7a o suficiente para ir para frente nessa miss\u00e3o que Deus nos confiou. Um grande abra\u00e7o!\u201d <\/p>\n<p style=\"text-align: right;\"><em>Ildo Foppa<\/em><\/p>\n<p> &nbsp;  <em>Para quem quiser contribuir, oferecemos duas op\u00e7\u00f5es:<\/em>  Azione per un Mondo Unito ONLUS (AMU)  IBAN: IT58 S050 1803 2000 0001 1204 344  Banco Popolare Etica  BIC: CCRTIT2T  <strong>Emergenza Mozambico (Emerg\u00eancia Mo\u00e7ambique)<\/strong>  &nbsp;  <em>Ou:<\/em>  Azione per Famiglie Nuove ONLUS (AFN)  IBAN: IT55 K033 5901 6001 0000 0001 060  Banco Prossima  C\u00f3digo SWIFT\/BIC: BCITITMX  <strong>Emergenza Mozambico (Emerg\u00eancia Mo\u00e7ambique)<\/strong>  <div class=\"et_pb_slider et_pb_slider_fullwidth_off et_pb_gallery_post_type\">\n\t\t\t\t<div class=\"et_pb_slides\">\n\t\t\t\t\t\n\t\t\t\t<\/div>\n\t\t\t<\/div><\/p>\n","protected":false},"excerpt":{"rendered":"<p>No fim de mar\u00e7o, a Coordena\u00e7\u00e3o do Movimento dos Focolares para Emerg\u00eancias foi acionada para ajudar as comunidades atingidas pela inunda\u00e7\u00e3o no sudeste da \u00c1frica, em particular, na miss\u00e3o de Dombe. Ildo Foppa, o respons\u00e1vel, nos mandou uma mensagem.<\/p>\n","protected":false},"author":34,"featured_media":0,"comment_status":"open","ping_status":"open","sticky":false,"template":"","format":"standard","meta":{"give_campaign_id":0,"_seopress_robots_primary_cat":"","_seopress_titles_title":"","_seopress_titles_desc":"","_seopress_robots_index":"","_et_pb_use_builder":"","_et_pb_old_content":"","_et_gb_content_width":"","footnotes":""},"categories":[129],"tags":[],"class_list":["post-317136","post","type-post","status-publish","format-standard","hentry","category-sem-categoria"],"_links":{"self":[{"href":"https:\/\/www.focolare.org\/pt-pt\/wp-json\/wp\/v2\/posts\/317136","targetHints":{"allow":["GET"]}}],"collection":[{"href":"https:\/\/www.focolare.org\/pt-pt\/wp-json\/wp\/v2\/posts"}],"about":[{"href":"https:\/\/www.focolare.org\/pt-pt\/wp-json\/wp\/v2\/types\/post"}],"author":[{"embeddable":true,"href":"https:\/\/www.focolare.org\/pt-pt\/wp-json\/wp\/v2\/users\/34"}],"replies":[{"embeddable":true,"href":"https:\/\/www.focolare.org\/pt-pt\/wp-json\/wp\/v2\/comments?post=317136"}],"version-history":[{"count":0,"href":"https:\/\/www.focolare.org\/pt-pt\/wp-json\/wp\/v2\/posts\/317136\/revisions"}],"wp:attachment":[{"href":"https:\/\/www.focolare.org\/pt-pt\/wp-json\/wp\/v2\/media?parent=317136"}],"wp:term":[{"taxonomy":"category","embeddable":true,"href":"https:\/\/www.focolare.org\/pt-pt\/wp-json\/wp\/v2\/categories?post=317136"},{"taxonomy":"post_tag","embeddable":true,"href":"https:\/\/www.focolare.org\/pt-pt\/wp-json\/wp\/v2\/tags?post=317136"}],"curies":[{"name":"wp","href":"https:\/\/api.w.org\/{rel}","templated":true}]}}