{"id":317148,"date":"2019-04-16T20:03:35","date_gmt":"2019-04-16T18:03:35","guid":{"rendered":"https:\/\/www.focolare.org\/rumo-ao-centenario-de-chiara\/"},"modified":"2024-05-15T21:09:20","modified_gmt":"2024-05-15T19:09:20","slug":"rumo-ao-centenario-de-chiara","status":"publish","type":"post","link":"https:\/\/www.focolare.org\/pt-pt\/rumo-ao-centenario-de-chiara\/","title":{"rendered":"Rumo ao centen\u00e1rio de Chiara"},"content":{"rendered":"<p><em>No dia 16 de abril de 2019, uma delega\u00e7\u00e3o trentina visitou o Centro Internacional do Movimento dos Focolares tendo em vista as celebra\u00e7\u00f5es dos 100 anos do nascimento da fundadora.<\/em>  \u201cN\u00e3o estamos aqui para celebrar Chiara Lubich, para transforma-la em um monumento ou para colocar seu nome na hist\u00f3ria; isso n\u00e3o \u00e9 necess\u00e1rio. Estamos aqui para reviver a mensagem, para acolher a heran\u00e7a e para nos confrontar hoje com o seu carisma.\u201d Alessandro Andreatta, prefeito de Trento, usou essas palavras para explicar a motiva\u00e7\u00e3o da visita de uma delega\u00e7\u00e3o trentina que, no dia 16 de abril, foi a Rocca di Papa (Roma) no Centro Internacional do Movimento dos Focolares, devido \u00e0s pr\u00f3ximas celebra\u00e7\u00f5es do centen\u00e1rio do nascimento de Chiara, previstas para 2020.  Tamb\u00e9m estavam presentes o presidente da prov\u00edncia aut\u00f4noma de Trento, Maurizio Fugatti, o presidente da comunidade de Primiero, Roberto Pradel, o diretor da Funda\u00e7\u00e3o Museu Hist\u00f3rico de Trento, Giuseppe Ferrandi, e Maurizio Gentilini (arquivista e historiador do Conselho Nacional de Pesquisa), autor de uma biografia de Lubich que dever\u00e1 ser lan\u00e7ada em 2020.  Para recebe-los estavam presentes a presidente, Maria Voce, o copresidente, Jes\u00fas Mor\u00e1n, e representantes dos 60 membros do Conselho Geral do Movimento dos Focolares. Tamb\u00e9m participaram alguns prefeitos das comunas dos Castelos Romanos, onde Chiara viveu e trabalhou por mais de 50 anos.  O objetivo da visita era refor\u00e7ar o v\u00ednculo de amizade e colabora\u00e7\u00e3o entre Trento e a comunidade trentina e o Movimento dos Focolares, que promover\u00e3o juntos numerosas iniciativas no ano do centen\u00e1rio na cidade e no vale de Primiero, al\u00e9m de muitas outras cidades no mundo. As celebra\u00e7\u00f5es come\u00e7ar\u00e3o no dia 07 de dezembro de 2019, com a abertura da exposi\u00e7\u00e3o multim\u00eddia \u201cChiara Lubich Cidade Mundo\u201d promovida pelo Centro Chiara Lubich com a Funda\u00e7\u00e3o Museu Hist\u00f3rico do Trentino.  \u201cGostar\u00edamos que muitas pessoas conhecessem Chiara, seu pensamento\u201d, explicou Alba Sgariglia, correspons\u00e1vel pelo Centro, \u201cassim como sua espiritualidade, sua obra, sua figura de promotora incans\u00e1vel de uma cultura de unidade e de fraternidade entre os povos\u201d.  Giuseppe Ferrandi falou sobre o desafio cultural e a complexidade enfrentada no percurso de realiza\u00e7\u00e3o da mostra: \u201cTrata-se de pegar o extraordin\u00e1rio patrim\u00f4nio de vida e de pensamento de Chiara Lubich e transforma-lo em um formato comunicativo com o estilo essencial e imersivo que nossos espa\u00e7os de exposi\u00e7\u00e3o permitem. Como diz o t\u00edtulo da exposi\u00e7\u00e3o, a categoria \u2018cidade\u2019 \u00e9 central no pensamento de Lubich; para ela, a cidade \u00e9 um polo dial\u00e9tico que pode se relacionar com o mundo. Portanto, nos oferece a possibilidade de n\u00e3o nos fecharmos no local, mas de abrir-nos\u201d.  A exposi\u00e7\u00e3o ter\u00e1 tamb\u00e9m um destaque no vale de Primiero que, a partir dos anos 40, hospedou primeiramente Lubich com um pequeno grupo, e depois milhares de pessoas do mundo inteiro que iam fazer a experi\u00eancia de um estilo de vida centrado na fraternidade.  Depois, a exposi\u00e7\u00e3o ser\u00e1 reproduzida em nove capitais fora da Europa e ser\u00e1 muito diferente, de acordo com a cultura local, em uma vis\u00e3o que se alarga ao mundo.  Durante o ano, al\u00e9m o fluxo de visitantes de todo o mundo em Trento, est\u00e3o no programa tamb\u00e9m uma s\u00e9rie de encontros nacionais e internacionais que acontecer\u00e3o tanto em Trento quanto nos v\u00e1rios centros do Movimento dos Focolares espalhados pelos cinco continentes.  O presidente da prov\u00edncia aut\u00f4noma de Trento foi porta-voz do orgulho de \u201cestar aqui hoje para representar essa unidade de objetivos. O Trentino \u00e9 uma terra central, de fronteiras: Chiara Lubich soube assumir as caracter\u00edsticas desse territ\u00f3rio e exporta-las. Quando, em junho de 2001, Lubich falava em Trento de fraternidade no horizonte da cidade, respeitava todos que compunham a comunidade e sabia escuta-los. Deste modo, \u00e9 poss\u00edvel interpretar da melhor forma os interesses e as necessidades das pessoas\u201d.  Na conclus\u00e3o da manh\u00e3, tamb\u00e9m Maria Voce destacou o valor da a\u00e7\u00e3o de Chiara Lubich pela cidade: \u201cEla estava no vale de Primiero quando Deus lhe fez entender que deveria voltar a Trento e nas cidades do mundo que encontrou ao longo de sua vida, muitas das quais conferiram-lhe a cidadania honor\u00e1ria, achou em todos os lugares aquele fasc\u00ednio que vinha da descoberta das dores e dos problemas, assumindo-os e levando germe de vida e de amor\u201d. <\/p>\n<p style=\"text-align: right;\"><em>Stefania Tanesini<\/em><\/p>\n","protected":false},"excerpt":{"rendered":"<p>No dia 16 de abril de 2019, uma delega\u00e7\u00e3o trentina visitou o Centro Internacional do Movimento dos Focolares tendo em vista as celebra\u00e7\u00f5es dos 100 anos do nascimento da fundadora.<\/p>\n","protected":false},"author":33,"featured_media":0,"comment_status":"open","ping_status":"open","sticky":false,"template":"","format":"standard","meta":{"give_campaign_id":0,"_seopress_robots_primary_cat":"","_seopress_titles_title":"","_seopress_titles_desc":"","_seopress_robots_index":"","_et_pb_use_builder":"","_et_pb_old_content":"","_et_gb_content_width":"","footnotes":""},"categories":[129],"tags":[],"class_list":["post-317148","post","type-post","status-publish","format-standard","hentry","category-sem-categoria"],"_links":{"self":[{"href":"https:\/\/www.focolare.org\/pt-pt\/wp-json\/wp\/v2\/posts\/317148","targetHints":{"allow":["GET"]}}],"collection":[{"href":"https:\/\/www.focolare.org\/pt-pt\/wp-json\/wp\/v2\/posts"}],"about":[{"href":"https:\/\/www.focolare.org\/pt-pt\/wp-json\/wp\/v2\/types\/post"}],"author":[{"embeddable":true,"href":"https:\/\/www.focolare.org\/pt-pt\/wp-json\/wp\/v2\/users\/33"}],"replies":[{"embeddable":true,"href":"https:\/\/www.focolare.org\/pt-pt\/wp-json\/wp\/v2\/comments?post=317148"}],"version-history":[{"count":0,"href":"https:\/\/www.focolare.org\/pt-pt\/wp-json\/wp\/v2\/posts\/317148\/revisions"}],"wp:attachment":[{"href":"https:\/\/www.focolare.org\/pt-pt\/wp-json\/wp\/v2\/media?parent=317148"}],"wp:term":[{"taxonomy":"category","embeddable":true,"href":"https:\/\/www.focolare.org\/pt-pt\/wp-json\/wp\/v2\/categories?post=317148"},{"taxonomy":"post_tag","embeddable":true,"href":"https:\/\/www.focolare.org\/pt-pt\/wp-json\/wp\/v2\/tags?post=317148"}],"curies":[{"name":"wp","href":"https:\/\/api.w.org\/{rel}","templated":true}]}}