{"id":317150,"date":"2019-04-17T20:02:03","date_gmt":"2019-04-17T18:02:03","guid":{"rendered":"https:\/\/www.focolare.org\/ate-o-fundo\/"},"modified":"2024-05-15T21:09:21","modified_gmt":"2024-05-15T19:09:21","slug":"ate-o-fundo","status":"publish","type":"post","link":"https:\/\/www.focolare.org\/pt-pt\/ate-o-fundo\/","title":{"rendered":"At\u00e9 o fundo"},"content":{"rendered":"<p><em>Uma reflex\u00e3o sobre o dia de hoje, Quinta-feira Santa, tirada de uma homilia de Klaus Hemmerle (1929\u20131994), fil\u00f3sofo, te\u00f3logo e bispo, preparada exatamente para esta solenidade em 1993.<\/em>  Se os disc\u00edpulos veem em Jesus o grande e poderoso Deus l\u00e1 do C\u00e9u, n\u00e3o o encontram. Devem se inclinar at\u00e9 o fundo, olhar para a poeira; ali est\u00e1 Jesus que lava os p\u00e9s dos seus. Doa\u00e7\u00e3o, humilha\u00e7\u00e3o, servi\u00e7o, levar a s\u00e9rio as banalidades das exig\u00eancias humanas, tornar-se pequenos, renunciar, a dureza da exaust\u00e3o, ser modestos, estar escondidos: tudo o que n\u00e3o tem nada a ver com o esplendor divino \u00e9 o esplendor do verdadeiro Deus \u00e9 o conte\u00fado mais \u00edntimo da nossa adora\u00e7\u00e3o a Deus, \u00e9 Eucaristia. <\/p>\n<p style=\"text-align: right;\"><em>Klaus Hemmerle<\/em><\/p>\n<p> (Klaus Hemmerle, Gottes Zeit-unsere Zeit, M\u00fcnchen, 2018, p. 65 \u2013 tradu\u00e7\u00e3o elaborada pela reda\u00e7\u00e3o)  <div class=\"et_pb_slider et_pb_slider_fullwidth_off et_pb_gallery_post_type\">\n\t\t\t\t<div class=\"et_pb_slides\">\n\t\t\t\t\t\n\t\t\t\t<\/div>\n\t\t\t<\/div><\/p>\n","protected":false},"excerpt":{"rendered":"<p>Uma reflex\u00e3o sobre o dia de hoje, Quinta-feira Santa, tirada de uma homilia de Klaus Hemmerle (1929\u20131994), fil\u00f3sofo, te\u00f3logo e bispo, preparada exatamente para esta solenidade em 1993.<\/p>\n","protected":false},"author":27,"featured_media":0,"comment_status":"open","ping_status":"open","sticky":false,"template":"","format":"standard","meta":{"give_campaign_id":0,"_seopress_robots_primary_cat":"","_seopress_titles_title":"","_seopress_titles_desc":"","_seopress_robots_index":"","_et_pb_use_builder":"","_et_pb_old_content":"","_et_gb_content_width":"","footnotes":""},"categories":[129],"tags":[],"class_list":["post-317150","post","type-post","status-publish","format-standard","hentry","category-sem-categoria"],"_links":{"self":[{"href":"https:\/\/www.focolare.org\/pt-pt\/wp-json\/wp\/v2\/posts\/317150","targetHints":{"allow":["GET"]}}],"collection":[{"href":"https:\/\/www.focolare.org\/pt-pt\/wp-json\/wp\/v2\/posts"}],"about":[{"href":"https:\/\/www.focolare.org\/pt-pt\/wp-json\/wp\/v2\/types\/post"}],"author":[{"embeddable":true,"href":"https:\/\/www.focolare.org\/pt-pt\/wp-json\/wp\/v2\/users\/27"}],"replies":[{"embeddable":true,"href":"https:\/\/www.focolare.org\/pt-pt\/wp-json\/wp\/v2\/comments?post=317150"}],"version-history":[{"count":0,"href":"https:\/\/www.focolare.org\/pt-pt\/wp-json\/wp\/v2\/posts\/317150\/revisions"}],"wp:attachment":[{"href":"https:\/\/www.focolare.org\/pt-pt\/wp-json\/wp\/v2\/media?parent=317150"}],"wp:term":[{"taxonomy":"category","embeddable":true,"href":"https:\/\/www.focolare.org\/pt-pt\/wp-json\/wp\/v2\/categories?post=317150"},{"taxonomy":"post_tag","embeddable":true,"href":"https:\/\/www.focolare.org\/pt-pt\/wp-json\/wp\/v2\/tags?post=317150"}],"curies":[{"name":"wp","href":"https:\/\/api.w.org\/{rel}","templated":true}]}}