{"id":317184,"date":"2019-05-06T20:02:55","date_gmt":"2019-05-06T18:02:55","guid":{"rendered":"https:\/\/www.focolare.org\/o-que-esta-acontencendo-no-mundo-durante-a-semana-mundo-unido\/"},"modified":"2024-05-15T21:09:26","modified_gmt":"2024-05-15T19:09:26","slug":"o-que-esta-acontencendo-no-mundo-durante-a-semana-mundo-unido","status":"publish","type":"post","link":"https:\/\/www.focolare.org\/pt-pt\/o-que-esta-acontencendo-no-mundo-durante-a-semana-mundo-unido\/","title":{"rendered":"O que est\u00e1 acontencendo no mundo durante a Semana Mundo Unido?"},"content":{"rendered":"<p><em>A Semana Mundo Unido iniciou-se no dia 1\u00b0 de maio. Muitas iniciativas s\u00e3o postas em pr\u00e1tica em muitos pontos da Terra para realizar o \u201cNo One in need\u201d (ningu\u00e9m em necessidade), que d\u00e1 o t\u00edtulo para a edi\u00e7\u00e3o de 2019.<\/em>  Imaginemos olhar a nossa Terra do alto com \u00f3culos especiais, capazes de destacar o grau de fraternidade vivido no mundo entre os seres humanos. Certamente, de 1\u00b0 a 7 de maio, notaremos um pico incomum, um grande fermento em cada latitude do planeta. \u201cNo One in Need\u201d, a Semana Mundo Unido 2019 j\u00e1 come\u00e7ou e em muitos \u2013 adolescentes, jovens, adultos, comunidades inteiras \u2013 est\u00e3o em a\u00e7\u00e3o, para testemunhar que um mundo unido \u00e9 possivel!  Comecemos da Am\u00e9rica do Sul. Em Palmas, no Brasil, em 1\u00b0 de maio, um grupo de jovens convidou os seus amigos e todos que quisessem participar a viverem pela unidade e a paz. Como? Ajudando uma fam\u00edlia em dificuldade econ\u00f4mica. Cada um contribu\u00eda doando um quilo de alimento n\u00e3o perec\u00edvel. A coleta realizou-se no Cesamar Park, animada com m\u00fasica e jogos.  <img loading=\"lazy\" decoding=\"async\" class=\"wp-image-187992 alignleft\" title=\"foto 3\" src=\"https:\/\/www.focolare.org\/wp-content\/uploads\/2019\/05\/foto-3.jpg\" alt=\"foto 3\" width=\"372\" height=\"255\" \/>No mesmo dia, em Loppiano, na prov\u00edncia de Floren\u00e7a, 1400, entre jovens e fam\u00edlias participaram no tradicional evento do Primeiro de Maio, este ano intitulado \u201cGood Vibes\u201d (vibra\u00e7\u00f5es positivas), que convidava todos a come\u00e7ar processos de mudan\u00e7a e a ser protagonistas, superando o individualismo e a solid\u00e3o com a cultura da partilha, o preconceito e o medo do diferente com o acolhimento e a fraternidade.  Continuando em dire\u00e7\u00e3o ao Oriente, sempre no di 1\u00b0 de maio, em Bandra, na \u00cdndia, na Bas\u00edlica de Santa Maria do Monte, os Jovens por um Mundo Unido convidaram toda a comunidade para um momento de ora\u00e7\u00e3o pelo Sri-Lanka, v\u00edtima dos recentes atos de viol\u00eancia, e para comprometerem-se pela paz.  Sempre na \u00cdndia em Mumbai, de 2 a 4 de maio, realizou-se uma escola de forma\u00e7\u00e3o intitulada \u201c#NoOneInNeed\u201d, para descobrir as pr\u00f3prias necessidades e as dos outros, para assumir uma perpectiva de vida nova, baseada na cultura da partilha. Muitos temas foram apresentados: comunica\u00e7\u00e3o, necessidades relacionais, ecologia, paz e ainda, os laborat\u00f3rios, com uma sess\u00e3o de trabalho dedicada a IntotheLABel, o laborat\u00f3rio de consumo respons\u00e1vel. Entre os participantes, jovens provenientes de v\u00e1rias regi\u00f5es da \u00cdndia, de Nepal e tamb\u00e9m do Sri-Lanka.  Na ilha de Cebu, nas Filipinas, na tarde de 1\u00b0 de maio, os Jovens por um Mundo Unido lan\u00e7aram a campanha \u201c#NoOneInNeed\u201d junto \u00e0 Bukas Palad Cebu Foundation, Inc.  <img loading=\"lazy\" decoding=\"async\" class=\" wp-image-187990 alignright\" title=\"foto 1\" src=\"https:\/\/www.focolare.org\/wp-content\/uploads\/2019\/05\/foto-1.jpg\" alt=\"foto 1\" width=\"372\" height=\"312\" \/>O convite publicado nos meios de comunica\u00e7\u00e3o era muito originale: \u201cComece trazendo objetos de valor que tenha a mais ou que n\u00e3o s\u00e3o mais \u00fateis para voc\u00ea, para compartilhar com quem precisa!\u201d. Muitas pessoas responderam ao convite. Como Fred, um jogador de \u201cPokemon Go\u201d, amigo de alguns Jovens por um Mundo Unido apaixonados pelo mesmo jogo. Na tarde de 1\u00b0 de maio, ele levou para doar 85 pe\u00e7as de roupas que tinha usado menos de duas vezes e que agora n\u00e3o considera mais \u201csuas\u201d mas de quem precisa mais do que ele.  Enfim, desde um grande evento a gestos pessoais, a Semana Mundo Unido come\u00e7ou em cheio! E no fim-de-semana, continuou com a corrida que almeja a unir o mundo: Run4unity (domingo, 5 de maio) que tamb\u00e9m foi animada pelo lema \u201cNo One In Need\u201d. Muitas cidades foram envolvidas. Pelo terceiro ano consecutivo, a corrida realizou-se em ambos os lados da fronteira entre o M\u00e9xico e os Estados Unidos, precisamente ao lado do muro, na presen\u00e7a de autoridades das cidades envolvidas (Mexicali e Calexico). Participaram pela terceira vez em Run4Unity tamb\u00e9m os h\u00f3spedes do Hospital Psiqui\u00e1trico de Branice, na Pol\u00f4nia. Escreveram-nos: \u00abEstamos num hospital psiqui\u00e1trico de tradi\u00e7\u00e3o centen\u00e1ria. No nosso hospital ocupamo-nos de mais de 500 pessoas em sofrimento mental. No ano passado, cerca de 300 delas participaram da Run4unity e fomos os \u00fanicos representantes da Pol\u00f4nia no evento\u00bb.  A corrida realizou-se tamb\u00e9m na Nova Caled\u00f4nia e na Nova Zel\u00e2ndia, em Christchurch, a cidade onde acorreram os ataques em duas mesquitas no \u00faltimo m\u00eas de mar\u00e7o. Aqui, a corrida envolveu jovens de religi\u00f5es diferentes.  Na It\u00e1lia, a iniciativa realizou-se em Pisa, Roma, Matera, Isquia, Torino, Fogia, Mil\u00e3o, Abbiategrasso e Perugia, onde o evento foi organizado pelo Liceu internacional Maria Montessori juntamente com a cooperativa Amatori Nuoto, e envolveu algumas associa\u00e7\u00f5es com adolescentes com necessidades especiais. Entre as v\u00e1rias atividades houve tamb\u00e9m uma partida de handebol em cadeiras de rodas, para proporcionar uma experi\u00eancia de integra\u00e7\u00e3o atrav\u00e9s do desporto.  Para saber de outras atividades, visite o site Run4unity. Boa Semana Mundo Unido! E lembrem de partilhar as suas hist\u00f3rias com o hashtag #NoOneInNeed. <\/p>\n<p style=\"text-align: right;\"><em>Tamara Pastorelli<\/em><\/p>\n<p> Fonte: United World Project<\/p>\n","protected":false},"excerpt":{"rendered":"<p>A Semana Mundo Unido iniciou-se no dia 1\u00b0 de maio. Muitas iniciativas s\u00e3o postas em pr\u00e1tica em muitos pontos da Terra para realizar o \u201cNo One in need\u201d (ningu\u00e9m em necessidade), que d\u00e1 o t\u00edtulo para a edi\u00e7\u00e3o de 2019.<\/p>\n","protected":false},"author":27,"featured_media":0,"comment_status":"open","ping_status":"open","sticky":false,"template":"","format":"standard","meta":{"give_campaign_id":0,"_seopress_robots_primary_cat":"","_seopress_titles_title":"","_seopress_titles_desc":"","_seopress_robots_index":"","_et_pb_use_builder":"","_et_pb_old_content":"","_et_gb_content_width":"","footnotes":""},"categories":[129],"tags":[],"class_list":["post-317184","post","type-post","status-publish","format-standard","hentry","category-sem-categoria"],"_links":{"self":[{"href":"https:\/\/www.focolare.org\/pt-pt\/wp-json\/wp\/v2\/posts\/317184","targetHints":{"allow":["GET"]}}],"collection":[{"href":"https:\/\/www.focolare.org\/pt-pt\/wp-json\/wp\/v2\/posts"}],"about":[{"href":"https:\/\/www.focolare.org\/pt-pt\/wp-json\/wp\/v2\/types\/post"}],"author":[{"embeddable":true,"href":"https:\/\/www.focolare.org\/pt-pt\/wp-json\/wp\/v2\/users\/27"}],"replies":[{"embeddable":true,"href":"https:\/\/www.focolare.org\/pt-pt\/wp-json\/wp\/v2\/comments?post=317184"}],"version-history":[{"count":0,"href":"https:\/\/www.focolare.org\/pt-pt\/wp-json\/wp\/v2\/posts\/317184\/revisions"}],"wp:attachment":[{"href":"https:\/\/www.focolare.org\/pt-pt\/wp-json\/wp\/v2\/media?parent=317184"}],"wp:term":[{"taxonomy":"category","embeddable":true,"href":"https:\/\/www.focolare.org\/pt-pt\/wp-json\/wp\/v2\/categories?post=317184"},{"taxonomy":"post_tag","embeddable":true,"href":"https:\/\/www.focolare.org\/pt-pt\/wp-json\/wp\/v2\/tags?post=317184"}],"curies":[{"name":"wp","href":"https:\/\/api.w.org\/{rel}","templated":true}]}}