{"id":317194,"date":"2019-05-10T20:01:18","date_gmt":"2019-05-10T18:01:18","guid":{"rendered":"https:\/\/www.focolare.org\/vos-sois-a-luz-do-mundo-o-motu-proprio-de-francisco-sobre-os-abusos\/"},"modified":"2024-05-15T21:09:28","modified_gmt":"2024-05-15T19:09:28","slug":"vos-sois-a-luz-do-mundo-o-motu-proprio-de-francisco-sobre-os-abusos","status":"publish","type":"post","link":"https:\/\/www.focolare.org\/pt-pt\/vos-sois-a-luz-do-mundo-o-motu-proprio-de-francisco-sobre-os-abusos\/","title":{"rendered":"\u201cV\u00f3s sois a luz do mundo\u201d, o motu proprio de Francisco sobre os abusos"},"content":{"rendered":"<p><em>O Papa exp\u00f5e as novas normas para toda a comunidade eclesial contra quem comete abusos e quem os encobre. As medidas e a orienta\u00e7\u00e3o dos Focolares no rastro da Igreja. O discurso do Copresidente Jes\u00fas Mor\u00e1n e a mat\u00e9ria para o <a href=\"https:\/\/vimeo.com\/333700843\" target=\"_blank\" rel=\"noopener noreferrer\">Collegamento CH<\/a>.<\/em>  Traz a data de 7 de maio e se intitula Vos estis lux mundi. Este documento em forma de motu proprio \u2013 isto \u00e9, um instrumento que o Pont\u00edfice utiliza quando quer pessoalmente introduzir novidades ou dar indica\u00e7\u00f5es aos fi\u00e9is \u2013 \u00e9 o \u00faltimo ato do Papa Francisco na luta contra os abusos sobre as crian\u00e7as e adolescentes e as pessoas vulner\u00e1veis na Igreja. Uma etapa de prim\u00e1ria import\u00e2ncia que \u00e9 parte de um percurso. Ao final do encontro sobre a prote\u00e7\u00e3o das crian\u00e7as e adolescentes no Vaticano no m\u00eas de fevereiro passado, foram anunciadas algumas disposi\u00e7\u00f5es legislativas para a C\u00faria Romana e o Estado do Vaticano.  Este \u00faltimo documento normativo \u00e9 endere\u00e7ado \u00e0 Igreja inteira: estabelece novos procedimentos para denunciar molesta\u00e7\u00f5es e viol\u00eancias e garantir que bispos e superiores religiosos prestem contas da sua conduta. Introduz a obriga\u00e7\u00e3o para cl\u00e9rigos e religiosos de denunciar os abusos; um procedimento que encoraja tamb\u00e9m os leigos a denunciar abusos e molesta\u00e7\u00f5es \u00e0 autoridade eclesi\u00e1stica competente. Al\u00e9m disso, pede \u00e0s dioceses que se dotem de um sistema facilmente acess\u00edvel ao p\u00fablico para receber as den\u00fancias.  Um gesto que transp\u00f5e os confins da pr\u00f3pria Igreja e \u00e9 incentivo \u00e0 sociedade civil, porque, n\u00f3s sabemos, o esc\u00e2ndalo dos abusos afunda as pr\u00f3prias ra\u00edzes \u2013 seja historicamente seja em tempos recentes \u2013 nos diversos \u00e2mbitos da fam\u00edlia, da escola, do esporte, etc. Apesar do tema grave e devastador que trata, o papa abre o documento com uma cita\u00e7\u00e3o evang\u00e9lica que evoca esperan\u00e7a e luz: \u201cNosso Senhor Jesus Cristo chama cada fiel a ser exemplo luminoso de virtude, integridade e santidade\u201d . S\u00e3o estas virtudes que comprometem todas as pessoas, com maior raz\u00e3o os consagrados, que \u2013 por escolha de vida \u2013 nunca deveriam trair a confian\u00e7a de quem quer que seja, fam\u00edlias ou crian\u00e7as e adolescentes in primis.  <a href=\"https:\/\/www.focolare.org\/pt\/news\/2019\/03\/29\/protecao-das-criancas-e-adolescentes-formacao-prevencao-e-tolerancia-zero\/\" target=\"_blank\" rel=\"noopener noreferrer\">Como comunicamos precedentemente<\/a>, tamb\u00e9m o Movimento dos Focolares \u2013 dolorosamente \u2013 n\u00e3o est\u00e1 imune deste esc\u00e2ndalo. No dia 26 de mar\u00e7o passado, a Presidente Maria Voce e o Copresidente Jes\u00fas Mor\u00e1n enviaram <a href=\"https:\/\/www.focolare.org\/wp-content\/uploads\/2019\/03\/Carta-Maria-Voce-e-Jes%C3%BAs-Mor%C3%A1n-Prote%C3%A7%C3%A3o-de-crian%C3%A7as.PT_.pdf\" target=\"_blank\" rel=\"noopener noreferrer\">uma carta<\/a> a todos os membros do Movimento no mundo sobre o compromisso dos Focolares neste campo.  Comunicam que \u00e9 com profunda tristeza que \u00e9 preciso reconhecer \u201cque, inclusive na nossa grande fam\u00edlia dos Focolares, se verificaram alguns casos de abuso contra menores (cerca de vinte), causados por pessoas do Movimento ou por pessoas que participaram de manifesta\u00e7\u00f5es organizadas por n\u00f3s. A maioria dos epis\u00f3dios ocorreu em um passado distante (at\u00e9 mesmo h\u00e1 mais de 20 anos), mas infelizmente alguns aconteceram em um passado recente. E tamb\u00e9m estavam envolvidos membros consagrados\u201d.  <img loading=\"lazy\" decoding=\"async\" class=\"alignleft wp-image-188117\" title=\"20190317 COBETU copia 2\" src=\"https:\/\/www.focolare.org\/wp-content\/uploads\/2019\/05\/20190317_COBETU-copia-2-90x53.jpg\" alt=\"20190317 COBETU copia 2\" width=\"400\" height=\"236\" \/>Reiteram a \u201ctoler\u00e2ncia zero\u201d do Movimento em rela\u00e7\u00e3o a toda forma de viol\u00eancia ou abuso e o dever de cada membro dos Focolares de estar na linha de frente na defesa das pessoas mais fracas de qualquer forma de maus tratos ou bullyng, atuados diretamente ou atrav\u00e9s da internet, com aten\u00e7\u00e3o especial a crian\u00e7as, adolescentes e adultos vulner\u00e1veis. Exortam abertamente a denunciar \u00e0 Comiss\u00e3o Central para a Prote\u00e7\u00e3o integral e garantia dos direitos fundamentais de crian\u00e7as e adolescentes, institu\u00edda em 2014 no Centro internacional dos Focolares e \u00e0s comiss\u00f5es locais, toda suspeita de abuso ou viol\u00eancia e consideram \u201cuma verdadeira tenta\u00e7\u00e3o pensar em n\u00e3o relatar casos para o bem do nosso Movimento, para evitar um esc\u00e2ndalo, para proteger a boa reputa\u00e7\u00e3o de algu\u00e9m\u201d.  Numa recente entrevista concedida durante o <a href=\"http:\/\/collegamentoch.focolare.org\/project\/portugues-36\/\" target=\"_blank\" rel=\"noopener noreferrer\">Collegamento CH<\/a>, o Copresidente reiterou com for\u00e7a a plena ades\u00e3o \u00e0 linha atual da Igreja. Mor\u00e1n explica que \u201cquisemos reconhecer publicamente que este drama tamb\u00e9m nos tocou e que isto nos leva a uma a\u00e7\u00e3o concreta para fazer justi\u00e7a \u00e0s v\u00edtimas inclusive iniciando um processo de acompanhamento em n\u00edvel geral, concreto\u201d.  Reconhece que esta \u00e9 uma grande purifica\u00e7\u00e3o para o Movimento e, enfim, insiste que o compromisso pela prote\u00e7\u00e3o das crian\u00e7as e adolescentes n\u00e3o pode se reduzir ao \u00e2mbito dos Focolares. \u201cCom esta carta quisemos dizer a todos os membros que \u00e9 importante se comprometer, em todos os n\u00edveis, para que este drama, esta dor imensa, que \u00e9 um drama social e moral, acabe o mais r\u00e1pido poss\u00edvel e n\u00e3o se verifiquem mais estes casos de abusos\u201d. O compromisso do Movimento agora est\u00e1 centrado na preven\u00e7\u00e3o e na forma\u00e7\u00e3o de todos os membros, em particular daqueles que desempenham atividades com as crian\u00e7as e adolescentes; para isto \u00e9 importante a colabora\u00e7\u00e3o com as outras ag\u00eancias do Movimento que trabalham com as crian\u00e7as e adolescentes: dos centros Gen 3 e Gen 4, ao Movimento Fam\u00edlias Novas.  Assista \u00e0 mat\u00e9ria do Collegamento CH: Prote\u00e7\u00e3o de crian\u00e7as e adolescentes: transpar\u00eancia, preven\u00e7\u00e3o, forma\u00e7\u00e3o:  https:\/\/vimeo.com\/333700843<\/p>\n","protected":false},"excerpt":{"rendered":"<p>O Papa exp\u00f5e as novas normas para toda a comunidade eclesial contra quem comete abusos e quem os encobre. As medidas e a orienta\u00e7\u00e3o dos Focolares no rastro da Igreja. O discurso do Copresidente Jes\u00fas Mor\u00e1n e a mat\u00e9ria para o Collegamento CH.<\/p>\n","protected":false},"author":24,"featured_media":0,"comment_status":"open","ping_status":"open","sticky":false,"template":"","format":"standard","meta":{"give_campaign_id":0,"_seopress_robots_primary_cat":"","_seopress_titles_title":"","_seopress_titles_desc":"","_seopress_robots_index":"","_et_pb_use_builder":"","_et_pb_old_content":"","_et_gb_content_width":"","footnotes":""},"categories":[129],"tags":[],"class_list":["post-317194","post","type-post","status-publish","format-standard","hentry","category-sem-categoria"],"_links":{"self":[{"href":"https:\/\/www.focolare.org\/pt-pt\/wp-json\/wp\/v2\/posts\/317194","targetHints":{"allow":["GET"]}}],"collection":[{"href":"https:\/\/www.focolare.org\/pt-pt\/wp-json\/wp\/v2\/posts"}],"about":[{"href":"https:\/\/www.focolare.org\/pt-pt\/wp-json\/wp\/v2\/types\/post"}],"author":[{"embeddable":true,"href":"https:\/\/www.focolare.org\/pt-pt\/wp-json\/wp\/v2\/users\/24"}],"replies":[{"embeddable":true,"href":"https:\/\/www.focolare.org\/pt-pt\/wp-json\/wp\/v2\/comments?post=317194"}],"version-history":[{"count":0,"href":"https:\/\/www.focolare.org\/pt-pt\/wp-json\/wp\/v2\/posts\/317194\/revisions"}],"wp:attachment":[{"href":"https:\/\/www.focolare.org\/pt-pt\/wp-json\/wp\/v2\/media?parent=317194"}],"wp:term":[{"taxonomy":"category","embeddable":true,"href":"https:\/\/www.focolare.org\/pt-pt\/wp-json\/wp\/v2\/categories?post=317194"},{"taxonomy":"post_tag","embeddable":true,"href":"https:\/\/www.focolare.org\/pt-pt\/wp-json\/wp\/v2\/tags?post=317194"}],"curies":[{"name":"wp","href":"https:\/\/api.w.org\/{rel}","templated":true}]}}