{"id":317254,"date":"2019-06-28T20:01:48","date_gmt":"2019-06-28T18:01:48","guid":{"rendered":"https:\/\/www.focolare.org\/no-rastro-de-zwingli-em-zurique\/"},"modified":"2024-05-15T21:09:40","modified_gmt":"2024-05-15T19:09:40","slug":"no-rastro-de-zwingli-em-zurique","status":"publish","type":"post","link":"https:\/\/www.focolare.org\/pt-pt\/no-rastro-de-zwingli-em-zurique\/","title":{"rendered":"No rastro de Zwingli em Zurique"},"content":{"rendered":"<p><strong><span style=\"color: #3fa3d6;\">29\/06\/2019<\/span><\/strong>  <em>Um grupo de 60 pessoas de v\u00e1rias Igrejas se reuniu para celebrar os 500 anos da Reforma na Su\u00ed\u00e7a. Uma viagem entre hist\u00f3ria e mem\u00f3ria, um percurso de conhecimento e di\u00e1logo de vida para conhecer as ra\u00edzes da Igreja Reformada e seus desafios atuais.<\/em>  \u201cNesse fim de semana, provei que, por meio da presen\u00e7a de Jesus entre aqueles que se amam, cada vez \u00e9 mais poss\u00edvel uma ter \u2018vida plena\u2019, seja na Igreja Reformada seja na Igreja Cat\u00f3lica. Quero contribuir de uma maneira completamente nova e mais consciente com a constru\u00e7\u00e3o de pontes entre as duas convic\u00e7\u00f5es.\u201d Com essas palavras, um dos participantes sintetiza o sentido dos dias dedicados \u00e0 \u201cZurique da Reforma\u201d, promovida na cidade su\u00ed\u00e7a do Movimento dos Focolares para conhecer as causas da Reforma na cidade. H\u00e1 500 anos, em janeiro, Huldrych Zwingli (1484-1531), na \u00e9poca ainda um sacerdote cat\u00f3lico, come\u00e7ou a pregar pela primeira vez no p\u00falpito da Grossm\u00fcnster, interpretando o Evangelho de Mateus. Foi o momento considerado o primeiro sinal do in\u00edcio da Reforma em Zurique. O objetivo desses tr\u00eas dias era fazer com que pessoas de diversas profiss\u00f5es religiosas se encontrassem e conhecessem a hist\u00f3ria e as riquezas espec\u00edficas da Igreja Reformada. Para amar a \u201cIgreja do pr\u00f3ximo como a pr\u00f3pria\u201d (Chiara), \u00e9 preciso conhece-la primeiro. Participaram 60 pessoas provenientes da Alemanha, \u00c1ustria, It\u00e1lia, Eslov\u00e1quia e de v\u00e1rias partes da Su\u00ed\u00e7a.  <img loading=\"lazy\" decoding=\"async\" class=\"alignleft wp-image-188672\" title=\"IMG 1418\" src=\"https:\/\/www.focolare.org\/wp-content\/uploads\/2019\/06\/IMG_1418-90x60.jpg\" alt=\"IMG 1418\" width=\"400\" height=\"267\" \/>O primeiro dos eventos teve como ambiente a simplicidade da igreja reformada de Baar, toda centrada na B\u00edblia, na fonte batismal e no p\u00falpito. O di\u00e1logo com o pastor local permitiu aos participantes uma profunda compreens\u00e3o da espiritualidade reformada. N\u00e3o escondeu as dificuldades de sua Igreja, mas transmitiu suas paix\u00f5es em procurar orienta\u00e7\u00e3o e sustento s\u00f3 na Palavra de Deus, n\u00e3o em uma institui\u00e7\u00e3o.  Os eventos sucessivos ocorreram em Zurique. No Semin\u00e1rio Teol\u00f3gico, dr. Gergely Csuk\u00e1s, assistente s\u00eanior do Instituto su\u00ed\u00e7o de hist\u00f3ria da Reforma, descreveu a situa\u00e7\u00e3o social, pol\u00edtica e religiosa de Zurique na Idade M\u00e9dia, evidenciando as aspira\u00e7\u00f5es de Zwingli como reformador e destacou a atualidade. \u201cOs crist\u00e3os reformados est\u00e3o mais pr\u00f3ximos de mim do que nunca\u201d, disse um dos participantes, \u201cFiquei profundamente impressionado com a hist\u00f3ria e tudo aquilo que foi comunicado, a beleza, mas tamb\u00e9m a dor por aquilo que aconteceu. Trata-se da vida de crist\u00e3os juntos. Quero recome\u00e7ar e ir adiante\u201d. E um outro: \u201cNunca havia recebido uma explica\u00e7\u00e3o e um entendimento assim claro das aspira\u00e7\u00f5es de Zwingli, que n\u00e3o perderam a atualidade. Aprendi a aprecia-los, seus primeiros companheiros e os reformadores que ofereceram a vida pelo Evangelho\u201d.  Apesar das previs\u00f5es meteorol\u00f3gicas desfavor\u00e1veis, foi poss\u00edvel caminhar pelos lugares nos quais o reformador de Zurique trabalhou: de Grossm\u00fcnster a Wasserkirche, de Lindenhof \u00e0 l\u00e1pide que lembra o afogamento dos primeiros anabatistas no rio Limmat. E foi justamente do trabalho de reconcilia\u00e7\u00e3o com os anabatistas e os Amish nos Estados Unidos que o pastor Peter Dettwiler falou, enquanto a pastora Catherine McMillan ofereceu um quadro da Igreja reformada hoje no mundo. Para concluir, foi feita uma ora\u00e7\u00e3o na cripta de Grossm\u00fcnster.  \u201cQuando entrei na s\u00f3bria igreja de Baar na primeira noite, fiquei chocada\u201d, contou uma das participantes, \u201cAquele espa\u00e7o n\u00e3o parecia irradiar nada de solene ou sagrado para mim. Depois, na cripta escura da Grossm\u00fcnster, onde est\u00e1vamos reunidos para a ora\u00e7\u00e3o como irm\u00e3s e irm\u00e3os em Cristo, foi como se uma luz interior iluminasse de repente o cinza e os muros seculares. Senti uma profunda alegria e venera\u00e7\u00e3o\u201d.  No \u00faltimo dia, a leitura de alguns textos de S\u00e3o Nicolau de Flue, patrono da Su\u00ed\u00e7a, e de Chiara Lubich, fundadora do Movimento dos Focolares, constitu\u00edram a base espiritual para a celebra\u00e7\u00e3o da Santa Ceia. \u201cSer o corpo comum de Cristo na diversidade\u201d, refletiu um dos presentes, \u201cera uma antecipa\u00e7\u00e3o da unidade vis\u00edvel da Igreja. Era o encontro com Cristo! Espero que na conviv\u00eancia da vida e no di\u00e1logo teol\u00f3gico possamos, posteriormente, dar passos um em dire\u00e7\u00e3o ao outro\u201d. <\/p>\n<p style=\"text-align: right;\"><em>Stefania Tanesini<\/em><\/p>\n","protected":false},"excerpt":{"rendered":"<p>Um grupo de 60 pessoas de v\u00e1rias Igrejas se reuniu para celebrar os 500 anos da Reforma na Su\u00ed\u00e7a. Uma viagem entre hist\u00f3ria e mem\u00f3ria, um percurso de conhecimento e di\u00e1logo de vida para conhecer as ra\u00edzes da Igreja Reformada e seus desafios atuais.<\/p>\n","protected":false},"author":24,"featured_media":0,"comment_status":"open","ping_status":"open","sticky":false,"template":"","format":"standard","meta":{"give_campaign_id":0,"_seopress_robots_primary_cat":"","_seopress_titles_title":"","_seopress_titles_desc":"","_seopress_robots_index":"","_et_pb_use_builder":"","_et_pb_old_content":"","_et_gb_content_width":"","footnotes":""},"categories":[129],"tags":[],"class_list":["post-317254","post","type-post","status-publish","format-standard","hentry","category-sem-categoria"],"_links":{"self":[{"href":"https:\/\/www.focolare.org\/pt-pt\/wp-json\/wp\/v2\/posts\/317254","targetHints":{"allow":["GET"]}}],"collection":[{"href":"https:\/\/www.focolare.org\/pt-pt\/wp-json\/wp\/v2\/posts"}],"about":[{"href":"https:\/\/www.focolare.org\/pt-pt\/wp-json\/wp\/v2\/types\/post"}],"author":[{"embeddable":true,"href":"https:\/\/www.focolare.org\/pt-pt\/wp-json\/wp\/v2\/users\/24"}],"replies":[{"embeddable":true,"href":"https:\/\/www.focolare.org\/pt-pt\/wp-json\/wp\/v2\/comments?post=317254"}],"version-history":[{"count":0,"href":"https:\/\/www.focolare.org\/pt-pt\/wp-json\/wp\/v2\/posts\/317254\/revisions"}],"wp:attachment":[{"href":"https:\/\/www.focolare.org\/pt-pt\/wp-json\/wp\/v2\/media?parent=317254"}],"wp:term":[{"taxonomy":"category","embeddable":true,"href":"https:\/\/www.focolare.org\/pt-pt\/wp-json\/wp\/v2\/categories?post=317254"},{"taxonomy":"post_tag","embeddable":true,"href":"https:\/\/www.focolare.org\/pt-pt\/wp-json\/wp\/v2\/tags?post=317254"}],"curies":[{"name":"wp","href":"https:\/\/api.w.org\/{rel}","templated":true}]}}