{"id":317272,"date":"2019-07-14T20:01:39","date_gmt":"2019-07-14T18:01:39","guid":{"rendered":"https:\/\/www.focolare.org\/para-alem-do-dialogo\/"},"modified":"2024-05-15T21:09:44","modified_gmt":"2024-05-15T19:09:44","slug":"para-alem-do-dialogo","status":"publish","type":"post","link":"https:\/\/www.focolare.org\/pt-pt\/para-alem-do-dialogo\/","title":{"rendered":"Para al\u00e9m do di\u00e1logo"},"content":{"rendered":"<p><em>Pela primeira vez, uma semana juntos: judeus, mu\u00e7ulmanos, hindus, budistas, crist\u00e3os. Fazem parte da fam\u00edlia de Chiara Lubich.<\/em>  Liridona vem da Maced\u00f4nia do Norte e \u00e9 mu\u00e7ulmana, sunita. Ao Papa Francisco, na sua recente viagem, apresentou a experi\u00eancia que vive com outros jovens dos Focolares, crist\u00e3os e mu\u00e7ulmanos, concluindo com a pergunta: \u00ab\u00c9 l\u00edcito continuar a sonhar?\u00bb .  <strong>De 17 a 23 de junho, o seu sonho se cruzou com o de umas quarenta pessoas, de 15 pa\u00edses, de 5 cren\u00e7as diferentes,<\/strong> esperados em Castel Gandolfo, como se espera \u00abaqueles de casa\u00bb, pela equipe do centro do di\u00e1logo inter-religioso dos Focolares. Primeira etapa, a capela onde se encontra a sepultura de Chiara Lubich . Com um canto, <strong>Vinu Aram, indiana<\/strong>, l\u00edder do movimento Shanti Ashram, exprime por todos o amor que os liga \u00e0 \u00abfonte\u00bb que transformou as suas vidas.  <strong><img loading=\"lazy\" decoding=\"async\" class=\"alignleft wp-image-189514\" title=\"A IRD Incaricati 2280\" src=\"https:\/\/www.focolare.org\/wp-content\/uploads\/2019\/07\/A-IRD-Incaricati-_2280-90x66.jpg\" alt=\"A IRD Incaricati 2280\" width=\"300\" height=\"218\" \/>E o dr. Amer, mu\u00e7ulmano, docente de teologia comparada<\/strong>: \u00abVenho da Jord\u00e2nia, onde corre o rio Jord\u00e3o. Faz com que eu pense que o nosso caminho come\u00e7a com a purifica\u00e7\u00e3o da alma. Frequentemente me pergunto como pessoas possam tirar a vida de outros e de si mesmos impelidos pelo extremismo radical. Pe\u00e7o a Deus a coragem de estarmos prontos a dar a vida pelo Bem, para testemunharmos este amor entre n\u00f3s e a todos\u00bb.  <img loading=\"lazy\" decoding=\"async\" class=\"alignright wp-image-189519\" title=\"1 17062019 148\" src=\"https:\/\/www.focolare.org\/wp-content\/uploads\/2019\/07\/1_17062019-148-90x51.jpg\" alt=\"1 17062019 148\" width=\"350\" height=\"197\" \/>Um quarto dos participantes tem menos de trinta e cinco anos. Entre eles, Kyoko, budista, do Jap\u00e3o, Nadjib e Rassim, mu\u00e7ulmanos, da Arg\u00e9lia, Israa e Shahnaze, xiitas, que vivem nos EUA, Vijay, hindu, de Coimbatore.  Vivem-se dias de \u00abprofecia\u00bb aprofundando a experi\u00eancia m\u00edstica do ver\u00e3o de 1949.  <strong>Shubhada Joshi, hindu, conta:<\/strong> \u00abQuando ouvi falar pela primeira vez de \u201cJesus Abandonado\u201d estava suportando grandes sofrimentos e n\u00e3o conseguia entender. Comecei a olh\u00e1-lo como o outro lado da medalha do amor. Estou compreendendo a minha tradi\u00e7\u00e3o de um modo melhor\u00bb.  <img loading=\"lazy\" decoding=\"async\" class=\"alignright wp-image-189518\" title=\"3A 23062019\" src=\"https:\/\/www.focolare.org\/wp-content\/uploads\/2019\/07\/3A_23062019-90x60.jpg\" alt=\"3A 23062019\" width=\"300\" height=\"200\" \/>Depois de tr\u00eas dias, este \u00ablaborat\u00f3rio\u00bb se abre para uma centena de pessoas, na maioria crist\u00e3os, empenhados no caminho de fraternidade dos Focolares. <strong>A mensagem do neo-Presidente do Pontif\u00edcio Conselho para o di\u00e1logo inter-religioso, D. Ayuso Guixot<\/strong>, exprime um sinal de profunda \u00absintonia\u00bb com a a\u00e7\u00e3o do Papa Francisco. A narra\u00e7\u00e3o deste di\u00e1logo no magist\u00e9rio dos \u00faltimos Papas feita por Rita Moussallem e Roberto Catalano, p\u00f5e em evid\u00eancia a abertura e o esp\u00edrito prof\u00e9tico do Vaticano II.  Forma\u00e7\u00e3o e transforma\u00e7\u00e3o, portanto. Cada um, que chegou \u00abcarregado\u00bb das pr\u00f3prias experi\u00eancias, encontra na partilha com irm\u00e3os e irm\u00e3s de v\u00e1rias cren\u00e7as a \u00abescola\u00bb mais verdadeira, faz a experi\u00eancia de um \u00abDeus presente\u00bb. Para al\u00e9m do di\u00e1logo, se olha para frente juntos.  De resto, o <strong>Papa Francisco respondeu a Liridona para<\/strong>: \u00abse tornarem bons cinzeladores dos pr\u00f3prios sonhos com dedica\u00e7\u00e3o e esfor\u00e7o, e sobretudo com uma grande vontade de ver como aquela pedra, pela qual ningu\u00e9m daria nada, se torna uma obra de arte\u00bb . <\/p>\n<p style=\"text-align: right;\"><em>Gianna Sibelli<\/em><\/p>\n","protected":false},"excerpt":{"rendered":"<p>Pela primeira vez, uma semana juntos: judeus, mu\u00e7ulmanos, hindus, budistas, crist\u00e3os. Fazem parte da fam\u00edlia de Chiara Lubich.<\/p>\n","protected":false},"author":24,"featured_media":0,"comment_status":"open","ping_status":"open","sticky":false,"template":"","format":"standard","meta":{"give_campaign_id":0,"_seopress_robots_primary_cat":"","_seopress_titles_title":"","_seopress_titles_desc":"","_seopress_robots_index":"","_et_pb_use_builder":"","_et_pb_old_content":"","_et_gb_content_width":"","footnotes":""},"categories":[129],"tags":[],"class_list":["post-317272","post","type-post","status-publish","format-standard","hentry","category-sem-categoria"],"_links":{"self":[{"href":"https:\/\/www.focolare.org\/pt-pt\/wp-json\/wp\/v2\/posts\/317272","targetHints":{"allow":["GET"]}}],"collection":[{"href":"https:\/\/www.focolare.org\/pt-pt\/wp-json\/wp\/v2\/posts"}],"about":[{"href":"https:\/\/www.focolare.org\/pt-pt\/wp-json\/wp\/v2\/types\/post"}],"author":[{"embeddable":true,"href":"https:\/\/www.focolare.org\/pt-pt\/wp-json\/wp\/v2\/users\/24"}],"replies":[{"embeddable":true,"href":"https:\/\/www.focolare.org\/pt-pt\/wp-json\/wp\/v2\/comments?post=317272"}],"version-history":[{"count":0,"href":"https:\/\/www.focolare.org\/pt-pt\/wp-json\/wp\/v2\/posts\/317272\/revisions"}],"wp:attachment":[{"href":"https:\/\/www.focolare.org\/pt-pt\/wp-json\/wp\/v2\/media?parent=317272"}],"wp:term":[{"taxonomy":"category","embeddable":true,"href":"https:\/\/www.focolare.org\/pt-pt\/wp-json\/wp\/v2\/categories?post=317272"},{"taxonomy":"post_tag","embeddable":true,"href":"https:\/\/www.focolare.org\/pt-pt\/wp-json\/wp\/v2\/tags?post=317272"}],"curies":[{"name":"wp","href":"https:\/\/api.w.org\/{rel}","templated":true}]}}