{"id":317274,"date":"2019-07-15T20:02:34","date_gmt":"2019-07-15T18:02:34","guid":{"rendered":"https:\/\/www.focolare.org\/16-de-julho-de-1949-16-de-julho-de-2019-a-mistica-do-paraiso-de-1949-a-servico-da-humanidade-de-hoje\/"},"modified":"2024-05-15T21:09:44","modified_gmt":"2024-05-15T19:09:44","slug":"16-de-julho-de-1949-16-de-julho-de-2019-a-mistica-do-paraiso-de-1949-a-servico-da-humanidade-de-hoje","status":"publish","type":"post","link":"https:\/\/www.focolare.org\/pt-pt\/16-de-julho-de-1949-16-de-julho-de-2019-a-mistica-do-paraiso-de-1949-a-servico-da-humanidade-de-hoje\/","title":{"rendered":"16 de julho de 1949 &#8211; 16 de julho de 2019. A m\u00edstica do Para\u00edso de 1949 a servi\u00e7o da humanidade de hoje."},"content":{"rendered":"<p><em>Chiara Lubich e Igino Giordani fizeram, no dia 16 de julho de 1949, um especial pacto espiritual. Dele jorrou uma experi\u00eancia m\u00edstica original, aberta \u00e0 humanidade e que transformou a hist\u00f3ria de comunidades e povos.<\/em>  \u201cTodos estes pap\u00e9is que escrevi n\u00e3o valem nada se a alma que os l\u00ea n\u00e3o ama, n\u00e3o est\u00e1 em Deus. Valem, se nela \u00e9 Deus que os l\u00ea. Ora aquilo que eu quero deixar a quem seguir o meu Ideal \u00e9 a seguran\u00e7a de que basta o Esp\u00edrito Santo (e a fidelidade a quem iniciou) para prosseguir a Obra.  Depois, de acess\u00f3rio posso deixar tamb\u00e9m aquilo que escrevi: mas vale se for tomado como \u201cacess\u00f3rio\u201d. Tamb\u00e9m Jesus, mesmo sendo Deus e tendo tudo em Si, n\u00e3o veio para destruir e fazer ex-novo, mas para cumprir. Assim, quem me seguir poder\u00e1 completar aquilo que eu fiz. Eu n\u00e3o quero amar os meus p\u00f3steros menos do que a mim mesma e, portanto, quero que eles tenham o Esp\u00edrito Santo jorrante como Deus O deu a mim. N\u00e3o o ter\u00e3o diretamente; eles O ter\u00e3o por media\u00e7\u00e3o, mas O ter\u00e3o vivo da viva boca de quem O transmitir vivendo aquilo que Ele ensina por meio de mim. Assim, \u00e9 bom eliminar decididamente toda e qualquer preocupa\u00e7\u00e3o sen\u00e3o aquela de fazer a divina vontade que momento por momento nos \u00e9 manifestada, mas sem sugerir nada a Deus. <em>(Chiara Lubich, Para\u00edso 49)<\/em>  Quais s\u00e3o \u201cesses pap\u00e9is\u201d a que Chiara Lubich se refere? S\u00e3o as p\u00e1ginas do famoso texto chamado Para\u00edso 49, escritas por Chiara no ver\u00e3o de setenta anos atr\u00e1s, sob o influxo de uma luz espiritual, que se prolongou nos meses sucessivos. No trecho citado, Chiara se dirige diretamente a quem hoje deseja n\u00e3o s\u00f3 relembrar o que aconteceu na \u00e9poca, mas inserir-se nessa experi\u00eancia m\u00edstica que ela e alguns membros da recente comunidade dos Focolares estavam fazendo. As belas palavras, as sugestivas met\u00e1foras e os amplos conceitos escritos nesses pap\u00e9is podem agradar o gosto est\u00e9tico do leitor, faz\u00ea-lo saborear o clima religioso que ali se respirava e mais nada. S\u00f3 quem ama \u00e9 capaz de penetrar no significado profundo da m\u00edstica do Para\u00edso 49. Tal significado nasce da compreens\u00e3o da realidade humana e de cada criatura inspirada diretamente pela contempla\u00e7\u00e3o de Deus e em Deus. Os frutos dessa experi\u00eancia est\u00e3o diante dos nossos olhos: a vis\u00e3o da espiritualidade de comunh\u00e3o, a doutrina que jorra do carisma da unidade, a miss\u00e3o do Movimento dos Focolares, as iniciativas e as obras que nascem do seu empenho social. N\u00e3o \u00e9 uma coincid\u00eancia que a abrir uma brecha para o in\u00edcio desta experi\u00eancia m\u00edstica tenha sido um pacto espiritual e especial que Chiara fez com Igino Giordani, que era esposo e pai, parlamentar, escritor. Normalmente a m\u00edstica \u00e9 inacess\u00edvel para quem est\u00e1 mergulhado nos desafios do dia a dia, para quem tem fam\u00edlia, trabalho, empenhos obrigat\u00f3rios e desafios complicados. O fato de o Para\u00edso 49 se abrir gra\u00e7as \u00e0 unidade entre Chiara e Igino implica que a espiritualidade de Chiara Lubich n\u00e3o \u00e9 reservada, n\u00e3o \u00e9 dedicada a quem vive uma condi\u00e7\u00e3o religiosa especial, mas \u00e9 para a humanidade e \u00e9 chamada a dar suporte \u00e0 marcha para a unidade de todos os homens e mulheres, das comunidades e grupos, dos povos e na\u00e7\u00f5es, em qualquer circunst\u00e2ncia e condi\u00e7\u00e3o. A n\u00f3s, hoje, Chiara pede para continuarmos a sua obra. <\/p>\n<p style=\"text-align: right;\"><em>Alberto Lo Presti<\/em><\/p>\n","protected":false},"excerpt":{"rendered":"<p>Chiara Lubich e Igino Giordani fizeram, no dia 16 de julho de 1949, um especial pacto espiritual. Dele jorrou uma experi\u00eancia m\u00edstica original, aberta \u00e0 humanidade e que transformou a hist\u00f3ria de comunidades e povos.<\/p>\n","protected":false},"author":27,"featured_media":0,"comment_status":"open","ping_status":"open","sticky":false,"template":"","format":"standard","meta":{"give_campaign_id":0,"_seopress_robots_primary_cat":"","_seopress_titles_title":"","_seopress_titles_desc":"","_seopress_robots_index":"","_et_pb_use_builder":"","_et_pb_old_content":"","_et_gb_content_width":"","footnotes":""},"categories":[129],"tags":[],"class_list":["post-317274","post","type-post","status-publish","format-standard","hentry","category-sem-categoria"],"_links":{"self":[{"href":"https:\/\/www.focolare.org\/pt-pt\/wp-json\/wp\/v2\/posts\/317274","targetHints":{"allow":["GET"]}}],"collection":[{"href":"https:\/\/www.focolare.org\/pt-pt\/wp-json\/wp\/v2\/posts"}],"about":[{"href":"https:\/\/www.focolare.org\/pt-pt\/wp-json\/wp\/v2\/types\/post"}],"author":[{"embeddable":true,"href":"https:\/\/www.focolare.org\/pt-pt\/wp-json\/wp\/v2\/users\/27"}],"replies":[{"embeddable":true,"href":"https:\/\/www.focolare.org\/pt-pt\/wp-json\/wp\/v2\/comments?post=317274"}],"version-history":[{"count":0,"href":"https:\/\/www.focolare.org\/pt-pt\/wp-json\/wp\/v2\/posts\/317274\/revisions"}],"wp:attachment":[{"href":"https:\/\/www.focolare.org\/pt-pt\/wp-json\/wp\/v2\/media?parent=317274"}],"wp:term":[{"taxonomy":"category","embeddable":true,"href":"https:\/\/www.focolare.org\/pt-pt\/wp-json\/wp\/v2\/categories?post=317274"},{"taxonomy":"post_tag","embeddable":true,"href":"https:\/\/www.focolare.org\/pt-pt\/wp-json\/wp\/v2\/tags?post=317274"}],"curies":[{"name":"wp","href":"https:\/\/api.w.org\/{rel}","templated":true}]}}