{"id":317280,"date":"2019-07-20T07:10:35","date_gmt":"2019-07-20T05:10:35","guid":{"rendered":"https:\/\/www.focolare.org\/papa-francisco-convida-jovens-economistas-a-irem-a-assis-as-incricoes-para-pessoas-com-ate-35-anos-ja-comecaram\/"},"modified":"2024-05-15T21:09:45","modified_gmt":"2024-05-15T19:09:45","slug":"papa-francisco-convida-jovens-economistas-a-irem-a-assis-as-incricoes-para-pessoas-com-ate-35-anos-ja-comecaram","status":"publish","type":"post","link":"https:\/\/www.focolare.org\/pt-pt\/papa-francisco-convida-jovens-economistas-a-irem-a-assis-as-incricoes-para-pessoas-com-ate-35-anos-ja-comecaram\/","title":{"rendered":"Papa Francisco convida jovens economistas a irem a assis. As incri\u00e7\u00f5es para pessoas com at\u00e9 35 anos j\u00e1 come\u00e7aram."},"content":{"rendered":"<p><em>O evento ocorrer\u00e1 nos dias 26 a 28 de mar\u00e7o. Entre outros, estar\u00e3o presentes: Yunus, Frey, Meloto, Petrini, Raworth, Sachs, Sen, Shiva e Zamagni<\/em>  ASSIS (PER\u00daGIA), JULHO &#8211; Come\u00e7aram as inscri\u00e7\u00f5es para o encontro de tr\u00eas dias pensado pelo Papa Francisco para jovens economistas, empreendedores e change-makers do mundo inteiro. De 26 a 28 de mar\u00e7o, Assis hospedar\u00e1 o evento internacional The Economy of Francesco. Os jovens, um pacto, o futuro. O convite vem diretamente do Santo Padre e \u00e9 dirigido a jovens de at\u00e9 35 anos. \u00c9 poss\u00edvel se inscrever at\u00e9 o dia 30 de setembro pelo site <a href=\"http:\/\/www.francescoeconomy.org\/\" target=\"_blank\" rel=\"noopener noreferrer\">www.francescoeconomy.org<\/a>  <img loading=\"lazy\" decoding=\"async\" class=\"alignleft wp-image-189891\" title=\"teheof slide2\" src=\"https:\/\/www.focolare.org\/wp-content\/uploads\/2019\/07\/teheof_slide2-72x180.jpg\" alt=\"teheof slide2\" width=\"200\" height=\"500\" \/>O evento The Economy of Francesco ser\u00e1 articulado em laborat\u00f3rios, manifesta\u00e7\u00f5es art\u00edsticas e plen\u00e1rios com economistas renomados, especialistas do desenvolvimento sustent\u00e1vel, empreendedores que hoje est\u00e3o comprometidos a n\u00edvel mundial com uma economia diversa e que far\u00e3o reflex\u00f5es e trabalhar\u00e3o com os jovens. J\u00e1 confirmaram presen\u00e7a os vencedores do pr\u00eamio Nobel <strong>Muhammad Yunus e Amarthya Sen<\/strong>. Al\u00e9m deles, entre outros, estar\u00e3o presentes <strong>Bruno Frey, Tony Meloto, Carlo Petrini, Kate Raworth, Jeffrey Sachs, Vandana Shiva e Stefano Zamagni.<\/strong>  N\u00e3o ser\u00e1 um congresso tradicional, mas uma experi\u00eancia em que a teoria e a pr\u00e1tica se cruzam para construir ideias novas e colabora\u00e7\u00f5es. Um programa em que o tempo desacelerar\u00e1 para dar espa\u00e7o tamb\u00e9m \u00e0 reflex\u00e3o e ao sil\u00eancio, \u00e0s hist\u00f3rias e aos encontros, \u00e0 arte e \u00e0 espiritualidade, para que o pensamento e o agir econ\u00f4mico dos jovens possam emergir.  O encontro \u00e9 voltado a jovens com menos de 35 anos, empenhados nos ambientes da pesquisa: estudantes e estudiosos de Economia e outras disciplinas correlatas (estudantes de mestrado, doutorado, jovens pesquisadores); e do mundo dos neg\u00f3cios: empreendedores e dirigentes.  Tamb\u00e9m podem participar os change-makers, promotores de atividades a servi\u00e7o do bem comum e de uma economia justa, sustent\u00e1vel e inclusiva. A proposta \u00e9 firmar com os jovens, indo al\u00e9m das diferen\u00e7as de credo e nacionalidade, um pacto para mudar a economia atual e dar uma alma \u00e0quela de amanh\u00e3, para que seja mais justa, sustent\u00e1vel e com um novo protagonismo que \u00e9 exclu\u00eddo hoje.  Dentre os candidatos, ser\u00e3o escolhidos 500 jovens para participar de um pr\u00e9-evento, previsto para os dias 24 e 25 de mar\u00e7o: uma ocasi\u00e3o de trabalho e aprofundamento que continuar\u00e3o nos dias do evento (26 a 28) juntamente com todos os outros participantes.  Todas as informa\u00e7\u00f5es est\u00e3o dispon\u00edveis no site <a href=\"http:\/\/www.francescoeconomy.org\/\" target=\"_blank\" rel=\"noopener noreferrer\">www.francescoeconomy.org<\/a><\/p>\n","protected":false},"excerpt":{"rendered":"<p>O evento ocorrer\u00e1 nos dias 26 a 28 de mar\u00e7o. Entre outros, estar\u00e3o presentes: Yunus, Frey, Meloto, Petrini, Raworth, Sachs, Sen, Shiva e Zamagni<\/p>\n","protected":false},"author":24,"featured_media":0,"comment_status":"open","ping_status":"open","sticky":false,"template":"","format":"standard","meta":{"give_campaign_id":0,"_seopress_robots_primary_cat":"","_seopress_titles_title":"","_seopress_titles_desc":"","_seopress_robots_index":"","_et_pb_use_builder":"","_et_pb_old_content":"","_et_gb_content_width":"","footnotes":""},"categories":[129],"tags":[],"class_list":["post-317280","post","type-post","status-publish","format-standard","hentry","category-sem-categoria"],"_links":{"self":[{"href":"https:\/\/www.focolare.org\/pt-pt\/wp-json\/wp\/v2\/posts\/317280","targetHints":{"allow":["GET"]}}],"collection":[{"href":"https:\/\/www.focolare.org\/pt-pt\/wp-json\/wp\/v2\/posts"}],"about":[{"href":"https:\/\/www.focolare.org\/pt-pt\/wp-json\/wp\/v2\/types\/post"}],"author":[{"embeddable":true,"href":"https:\/\/www.focolare.org\/pt-pt\/wp-json\/wp\/v2\/users\/24"}],"replies":[{"embeddable":true,"href":"https:\/\/www.focolare.org\/pt-pt\/wp-json\/wp\/v2\/comments?post=317280"}],"version-history":[{"count":0,"href":"https:\/\/www.focolare.org\/pt-pt\/wp-json\/wp\/v2\/posts\/317280\/revisions"}],"wp:attachment":[{"href":"https:\/\/www.focolare.org\/pt-pt\/wp-json\/wp\/v2\/media?parent=317280"}],"wp:term":[{"taxonomy":"category","embeddable":true,"href":"https:\/\/www.focolare.org\/pt-pt\/wp-json\/wp\/v2\/categories?post=317280"},{"taxonomy":"post_tag","embeddable":true,"href":"https:\/\/www.focolare.org\/pt-pt\/wp-json\/wp\/v2\/tags?post=317280"}],"curies":[{"name":"wp","href":"https:\/\/api.w.org\/{rel}","templated":true}]}}