{"id":317330,"date":"2019-09-01T20:05:42","date_gmt":"2019-09-01T18:05:42","guid":{"rendered":"https:\/\/www.focolare.org\/libano-irap-uma-casa-como-escola\/"},"modified":"2024-05-15T21:09:54","modified_gmt":"2024-05-15T19:09:54","slug":"libano-irap-uma-casa-como-escola","status":"publish","type":"post","link":"https:\/\/www.focolare.org\/pt-pt\/libano-irap-uma-casa-como-escola\/","title":{"rendered":"L\u00edbano &#8211; IRAP: uma casa como escola"},"content":{"rendered":"<p><em>Come\u00e7ou como uma escola para surdos-mudos, mas o IRAP \u00e9 muito mais: entre as suas paredes, todos encontram um lar e, ao longo dos anos, surgiram oficinas de doces e de artesanato que geraram emprego e espa\u00e7os de conviv\u00eancia. Uma hist\u00f3ria que diz que a integra\u00e7\u00e3o n\u00e3o \u00e9 uma exce\u00e7\u00e3o, mas a vida di\u00e1ria e o destino do povo liban\u00eas.<\/em>  https:\/\/vimeo.com\/343607566<\/p>\n","protected":false},"excerpt":{"rendered":"<p>Come\u00e7ou como uma escola para surdos-mudos, mas o IRAP \u00e9 muito mais: entre as suas paredes, todos encontram um lar e, ao longo dos anos, surgiram oficinas de doces e de artesanato que geraram emprego e espa\u00e7os de conviv\u00eancia. Uma hist\u00f3ria que diz que a integra\u00e7\u00e3o n\u00e3o \u00e9 uma exce\u00e7\u00e3o, mas a vida di\u00e1ria e o destino do povo liban\u00eas.<\/p>\n","protected":false},"author":33,"featured_media":0,"comment_status":"open","ping_status":"open","sticky":false,"template":"","format":"standard","meta":{"give_campaign_id":0,"_seopress_robots_primary_cat":"","_seopress_titles_title":"","_seopress_titles_desc":"","_seopress_robots_index":"","_et_pb_use_builder":"","_et_pb_old_content":"","_et_gb_content_width":"","footnotes":""},"categories":[129],"tags":[],"class_list":["post-317330","post","type-post","status-publish","format-standard","hentry","category-sem-categoria"],"_links":{"self":[{"href":"https:\/\/www.focolare.org\/pt-pt\/wp-json\/wp\/v2\/posts\/317330","targetHints":{"allow":["GET"]}}],"collection":[{"href":"https:\/\/www.focolare.org\/pt-pt\/wp-json\/wp\/v2\/posts"}],"about":[{"href":"https:\/\/www.focolare.org\/pt-pt\/wp-json\/wp\/v2\/types\/post"}],"author":[{"embeddable":true,"href":"https:\/\/www.focolare.org\/pt-pt\/wp-json\/wp\/v2\/users\/33"}],"replies":[{"embeddable":true,"href":"https:\/\/www.focolare.org\/pt-pt\/wp-json\/wp\/v2\/comments?post=317330"}],"version-history":[{"count":0,"href":"https:\/\/www.focolare.org\/pt-pt\/wp-json\/wp\/v2\/posts\/317330\/revisions"}],"wp:attachment":[{"href":"https:\/\/www.focolare.org\/pt-pt\/wp-json\/wp\/v2\/media?parent=317330"}],"wp:term":[{"taxonomy":"category","embeddable":true,"href":"https:\/\/www.focolare.org\/pt-pt\/wp-json\/wp\/v2\/categories?post=317330"},{"taxonomy":"post_tag","embeddable":true,"href":"https:\/\/www.focolare.org\/pt-pt\/wp-json\/wp\/v2\/tags?post=317330"}],"curies":[{"name":"wp","href":"https:\/\/api.w.org\/{rel}","templated":true}]}}