{"id":317342,"date":"2019-09-11T20:04:00","date_gmt":"2019-09-11T18:04:00","guid":{"rendered":"https:\/\/www.focolare.org\/assembleia-dos-jovens-do-movimento-dos-focolares-unidade-coragem-e-transmissao\/"},"modified":"2024-05-15T21:09:55","modified_gmt":"2024-05-15T19:09:55","slug":"assembleia-dos-jovens-do-movimento-dos-focolares-unidade-coragem-e-transmissao","status":"publish","type":"post","link":"https:\/\/www.focolare.org\/pt-pt\/assembleia-dos-jovens-do-movimento-dos-focolares-unidade-coragem-e-transmissao\/","title":{"rendered":"Assembleia dos jovens do Movimento dos Focolares: unidade, coragem e transmiss\u00e3o"},"content":{"rendered":"<p><em>Com essas tr\u00eas palavras, a presidente do Movimento dos Focolares abriu os trabalhos da Assembleia dos jovens, que se concluir\u00e1 no domingo, 15 de setembro.<\/em>  <img loading=\"lazy\" decoding=\"async\" class=\"wp-image-191182 alignleft\" title=\"72ae102e 1112 4ac4 908f a618f338d9f3 mod\" src=\"https:\/\/www.focolare.org\/wp-content\/uploads\/2019\/09\/72ae102e-1112-4ac4-908f-a618f338d9f3_mod.jpg\" alt=\"72ae102e 1112 4ac4 908f a618f338d9f3 mod\" width=\"420\" height=\"159\" \/>Enquanto Maria Voce e Jesus Moran, respectivamente presidente e copresidente do Movimento dos Focolares, se apresentavam, os jovens lhe assistiam, mas sobretudo os escutavam, dando a impress\u00e3o de ser um parlamento sub-30, que, em vez de ocupar um s\u00f3 pa\u00eds, tem o mundo inteiro como raio de a\u00e7\u00e3o. S\u00e3o 190 os representantes dos jovens do Movimento que chegaram a Castelgandolfo (Roma), vindos de 67 pa\u00edses, para a primeira Assembleia dos jovens que re\u00fane gen, jovens religiosos e seminaristas, meninos e meninas empenhados nos Movimentos Paroquial e Diocesano.  \u201cN\u00e3o estamos aqui s\u00f3 para fazer e organizar coisas, mas, sobretudo, para nos conhecer e compartilhar nossas motiva\u00e7\u00f5es mais profundas, aquelas que est\u00e3o na base da nossa escolha de trabalhar por um mundo mais unido\u201d, explica um dos organizadores.  <img loading=\"lazy\" decoding=\"async\" class=\"wp-image-191185 alignright\" title=\"ASSGVN 20190910 153930\" src=\"https:\/\/www.focolare.org\/wp-content\/uploads\/2019\/09\/ASSGVN-20190910-153930.jpg\" alt=\"ASSGVN 20190910 153930\" width=\"300\" height=\"200\" \/>Chegam de mundos diversos considerando a proveni\u00eancia, cultura, religi\u00e3o; atuam em variados campos que v\u00e3o desde a justi\u00e7a at\u00e9 a paz e o desarmamento; at\u00e9 uma economia na medida do homem, at\u00e9 lutas ambientais, di\u00e1logo entre religi\u00f5es e povos. V\u00eam de um ver\u00e3o que poder\u00edamos definir pelo menos \u201cempenhador\u201d, se considerarmos o congresso gen em Am\u00e3, na Jord\u00e2nia, para os gen do Oriente M\u00e9dio com representantes de outros pa\u00edses, dizendo que cada peda\u00e7o do mundo \u00e9 deles; um na Oceania; diversos campus em que aprofundaram os temas da legalidade e da ajuda aos pobres, al\u00e9m das escolas e f\u00e9rias organizadas pelo Movimento Paroquial e Diocesano.  Nesta assembleia, os jovens aprendem, compartilham e projetam-se, apoiados por especialistas e muitos momentos de laborat\u00f3rio. Fala-se de identidade e escolha de vida com dom Vincenzo Di Pilato, de lideran\u00e7a e protagonismo com Jonathan Michelon, de testemunho e envolvimento com Alessandra Smerilli. Com Francisco Canzani, ser\u00e1 aprofundado o documento Chritus Vivit, fruto dos trabalhos do recente s\u00ednodo que a Igreja Cat\u00f3lica dedicou aos jovens.  <img loading=\"lazy\" decoding=\"async\" class=\"wp-image-191183 alignleft\" title=\"ASSGVN 20190910 155656\" src=\"https:\/\/www.focolare.org\/wp-content\/uploads\/2019\/09\/ASSGVN-20190910-155656.jpg\" alt=\"ASSGVN 20190910 155656\" width=\"300\" height=\"200\" \/>Como b\u00fassola para esses dias, a presidente do Movimento dos Focolares indicou tr\u00eas palavras: <strong>unidade, coragem e transmiss\u00e3o.<\/strong> <strong>Unidade<\/strong> \u2013 Maria Voce os encorajou a \u201cesquecer os diversos \u2018campos\u2019 de onde v\u00eam, a ter um \u2018amor rec\u00edproco total\u2019 para fazer a experi\u00eancia de unidade\u201d. <strong>Coragem<\/strong> \u2013 \u201cEspero de voc\u00eas essa coragem. Espero que sua coragem nos desafie, que nos prove.\u201d Convidou-os a falar e a compartilhar, a n\u00e3o esconder as cr\u00edticas, mas a indica-las, sempre com um esp\u00edrito construtivo.  Por fim, os encorajou a transmitir o carisma da unidade: \u201cDevem se preparar a dar \u00e0s novas gera\u00e7\u00f5es aquilo que receberam. A <strong>transmiss\u00e3o<\/strong> s\u00f3 acontecer\u00e1 se as pessoas que vivem o carisma, que querem o carisma e que o transmitem agirem\u201d.  O percurso desses dias de assembleia resultar\u00e1 em um documento final que recolher\u00e1 contribui\u00e7\u00f5es e pedidos das jovens gera\u00e7\u00f5es do Movimento dos Focolares comprometidas a trabalhar cada vez mais juntas. <\/p>\n<p style=\"text-align: right;\"><em>Stefania Tanesini<\/em><\/p>\n","protected":false},"excerpt":{"rendered":"<p>Com essas tr\u00eas palavras, a presidente do Movimento dos Focolares abriu os trabalhos da Assembleia dos jovens, que se concluir\u00e1 no domingo, 15 de setembro.<\/p>\n","protected":false},"author":33,"featured_media":0,"comment_status":"open","ping_status":"open","sticky":false,"template":"","format":"standard","meta":{"give_campaign_id":0,"_seopress_robots_primary_cat":"","_seopress_titles_title":"","_seopress_titles_desc":"","_seopress_robots_index":"","_et_pb_use_builder":"","_et_pb_old_content":"","_et_gb_content_width":"","footnotes":""},"categories":[129],"tags":[],"class_list":["post-317342","post","type-post","status-publish","format-standard","hentry","category-sem-categoria"],"_links":{"self":[{"href":"https:\/\/www.focolare.org\/pt-pt\/wp-json\/wp\/v2\/posts\/317342","targetHints":{"allow":["GET"]}}],"collection":[{"href":"https:\/\/www.focolare.org\/pt-pt\/wp-json\/wp\/v2\/posts"}],"about":[{"href":"https:\/\/www.focolare.org\/pt-pt\/wp-json\/wp\/v2\/types\/post"}],"author":[{"embeddable":true,"href":"https:\/\/www.focolare.org\/pt-pt\/wp-json\/wp\/v2\/users\/33"}],"replies":[{"embeddable":true,"href":"https:\/\/www.focolare.org\/pt-pt\/wp-json\/wp\/v2\/comments?post=317342"}],"version-history":[{"count":0,"href":"https:\/\/www.focolare.org\/pt-pt\/wp-json\/wp\/v2\/posts\/317342\/revisions"}],"wp:attachment":[{"href":"https:\/\/www.focolare.org\/pt-pt\/wp-json\/wp\/v2\/media?parent=317342"}],"wp:term":[{"taxonomy":"category","embeddable":true,"href":"https:\/\/www.focolare.org\/pt-pt\/wp-json\/wp\/v2\/categories?post=317342"},{"taxonomy":"post_tag","embeddable":true,"href":"https:\/\/www.focolare.org\/pt-pt\/wp-json\/wp\/v2\/tags?post=317342"}],"curies":[{"name":"wp","href":"https:\/\/api.w.org\/{rel}","templated":true}]}}