{"id":317382,"date":"2019-10-15T14:46:55","date_gmt":"2019-10-15T12:46:55","guid":{"rendered":"https:\/\/www.focolare.org\/processo-de-beatificacao-de-chiara-lubich-concluida-a-fase-diocesana\/"},"modified":"2024-05-15T21:10:02","modified_gmt":"2024-05-15T19:10:02","slug":"processo-de-beatificacao-de-chiara-lubich-concluida-a-fase-diocesana","status":"publish","type":"post","link":"https:\/\/www.focolare.org\/pt-pt\/processo-de-beatificacao-de-chiara-lubich-concluida-a-fase-diocesana\/","title":{"rendered":"Processo de beatifica\u00e7\u00e3o de Chiara Lubich: conclu\u00edda a fase diocesana"},"content":{"rendered":"<p><em>No dia 10 de novembro, se concluir\u00e1 em Frascati (It\u00e1lia) a fase diocesana do processo de beatifica\u00e7\u00e3o da fundadora do Movimento dos Focolares. Prosseguir\u00e1 no Vaticano, na Congrega\u00e7\u00e3o para as Causas dos Santos.<\/em>  <strong>A fase diocesana da causa de beatifica\u00e7\u00e3o e canoniza\u00e7\u00e3o de Chiara Lubich se concluir\u00e1 na Catedral de S\u00e3o Pedro, em Frascati, \u00e0s 16h30 do domingo 10 de novembro, com a realiza\u00e7\u00e3o da \u00faltima sess\u00e3o do inqu\u00e9rito diocesano presidida por dom Raffaello Martinelli, Bispo de Frascati.<\/strong>  <img alt=\"\" alt=\"\" loading=\"lazy\" decoding=\"async\" class=\"wp-image-191910 alignleft\" src=\"https:\/\/www.focolare.org\/wp-content\/uploads\/2019\/10\/1271688_HD-90x66.jpg\" alt=\"\" width=\"250\" height=\"184\" \/>Com o encerramento definitivo desta fase, todos os atos do inqu\u00e9rito, lacrados, ser\u00e3o enviados ao Vaticano, ap\u00f3s quase cinco anos de investiga\u00e7\u00f5es e aprofundamento sobre a vida, as virtudes, a fama de santidade e de sinais de Chiara Lubich. Com esta passagem, o estudo dos atos prosseguir\u00e1 na Congrega\u00e7\u00e3o para as Causas dos Santos.  O procedimento para o in\u00edcio da causa come\u00e7ou em 7 de dezembro de 2013 &#8211; cinco anos ap\u00f3s a morte de Chiara Lubich &#8211; com a apresenta\u00e7\u00e3o por parte do Movimento dos Focolares, do pedido oficial ao bispo de Frascati. No dia 27 de janeiro de 2015, dom Martinelli respondeu ao pedido abrindo solenemente a causa.  Naquela ocasi\u00e3o, o Papa Francisco manifestou a sua presen\u00e7a atrav\u00e9s de uma mensagem na qual recordava o luminoso exemplo de vida da fundadora do Movimento dos Focolares a todos os que \u00abconservam a sua preciosa heran\u00e7a espiritual\u00bb. Al\u00e9m disso, exortou \u00abpara que se fa\u00e7a conhecer ao povo de Deus a vida e as obras daquela que, acolhendo o convite do Senhor, acendeu para a Igreja uma nova luz no caminho em dire\u00e7\u00e3o \u00e0 unidade\u00bb. <\/p>\n<p style=\"text-align: right;\"><em>Departamento de Comunica\u00e7\u00f5es do Movimento dos Focolares<\/em><\/p>\n","protected":false},"excerpt":{"rendered":"<p>No dia 10 de novembro, se concluir\u00e1 em Frascati (It\u00e1lia) a fase diocesana do processo de beatifica\u00e7\u00e3o da fundadora do Movimento dos Focolares. Prosseguir\u00e1 no Vaticano, na Congrega\u00e7\u00e3o para as Causas dos Santos.<\/p>\n","protected":false},"author":24,"featured_media":0,"comment_status":"open","ping_status":"open","sticky":false,"template":"","format":"standard","meta":{"give_campaign_id":0,"_seopress_robots_primary_cat":"","_seopress_titles_title":"","_seopress_titles_desc":"","_seopress_robots_index":"","_et_pb_use_builder":"","_et_pb_old_content":"","_et_gb_content_width":"","footnotes":""},"categories":[129],"tags":[],"class_list":["post-317382","post","type-post","status-publish","format-standard","hentry","category-sem-categoria"],"_links":{"self":[{"href":"https:\/\/www.focolare.org\/pt-pt\/wp-json\/wp\/v2\/posts\/317382","targetHints":{"allow":["GET"]}}],"collection":[{"href":"https:\/\/www.focolare.org\/pt-pt\/wp-json\/wp\/v2\/posts"}],"about":[{"href":"https:\/\/www.focolare.org\/pt-pt\/wp-json\/wp\/v2\/types\/post"}],"author":[{"embeddable":true,"href":"https:\/\/www.focolare.org\/pt-pt\/wp-json\/wp\/v2\/users\/24"}],"replies":[{"embeddable":true,"href":"https:\/\/www.focolare.org\/pt-pt\/wp-json\/wp\/v2\/comments?post=317382"}],"version-history":[{"count":0,"href":"https:\/\/www.focolare.org\/pt-pt\/wp-json\/wp\/v2\/posts\/317382\/revisions"}],"wp:attachment":[{"href":"https:\/\/www.focolare.org\/pt-pt\/wp-json\/wp\/v2\/media?parent=317382"}],"wp:term":[{"taxonomy":"category","embeddable":true,"href":"https:\/\/www.focolare.org\/pt-pt\/wp-json\/wp\/v2\/categories?post=317382"},{"taxonomy":"post_tag","embeddable":true,"href":"https:\/\/www.focolare.org\/pt-pt\/wp-json\/wp\/v2\/tags?post=317382"}],"curies":[{"name":"wp","href":"https:\/\/api.w.org\/{rel}","templated":true}]}}