{"id":317406,"date":"2019-11-10T20:49:41","date_gmt":"2019-11-10T19:49:41","guid":{"rendered":"https:\/\/www.focolare.org\/chiara-lubich-concluida-a-fase-diocesana-de-beatificacao\/"},"modified":"2024-05-15T21:10:07","modified_gmt":"2024-05-15T19:10:07","slug":"chiara-lubich-concluida-a-fase-diocesana-de-beatificacao","status":"publish","type":"post","link":"https:\/\/www.focolare.org\/pt-pt\/chiara-lubich-concluida-a-fase-diocesana-de-beatificacao\/","title":{"rendered":"Chiara Lubich: conclu\u00edda a fase diocesana de beatifica\u00e7\u00e3o"},"content":{"rendered":"<p><em>Concluiu-se domingo, 10 de novembro, a fase diocesana da Causa de canoniza\u00e7\u00e3o e beatifica\u00e7\u00e3o de Chiara Lubich, fundadora do Movimento dos Focolares. Mais de 500 pessoas lotaram a Catedral de Frascati (Roma), onde se realizou a \u00faltima sess\u00e3o do inqu\u00e9rito diocesano.<\/em>  Entre os participantes, o cardeal Tarcisio Bertone, a presidente dos Focolares Maria Voce (Emmaus) e o copresidente Jes\u00fas Mor\u00e1n, alguns parentes de Chiara Lubich, dois representantes da Igreja Ortodoxa, v\u00e1rios prefeitos da regi\u00e3o do L\u00e1cio, sacerdotes, leigos e religiosos e muitos amigos que conheceram Chiara e o carisma da unidade dos Focolares. Diante do altar, a mesa com as 75 caixas contendo a documenta\u00e7\u00e3o coletada e que ser\u00e1 entregue \u00e0 Congrega\u00e7\u00e3o para as Causas dos Santos na Santa S\u00e9, onde prosseguir\u00e1 o estudo e a avalia\u00e7\u00e3o do que foi coletado.  <div id=\"attachment_193136\" style=\"width: 307px\" class=\"wp-caption alignleft\"><img alt=\"\" alt=\"\" loading=\"lazy\" decoding=\"async\" aria-describedby=\"caption-attachment-193136\" class=\"wp-image-193136\" src=\"https:\/\/www.focolare.org\/wp-content\/uploads\/2019\/11\/32_CSC_20191110_Sigilli_Scatole2-90x60.jpg\" alt=\"\" width=\"297\" height=\"198\" \/><p id=\"caption-attachment-193136\" class=\"wp-caption-text\">As \u00faltimas 3 das 75 caixas est\u00e3o seladas<\/p><\/div>  A cerim\u00f4nia foi presidida por <strong>Dom Raffaello Martinelli, bispo de Frascati<\/strong>, que resumiu esses anos de coleta de testemunhos e de material do seguinte modo: \u201cA Santa S\u00e9 e o processo diocesano devem destacar o hero\u00edsmo das virtudes, n\u00e3o simplesmente a bondade de uma pessoa, mas o hero\u00edsmo. Foi o que pedi desde o in\u00edcio, inclusive nos testemunhos. Devemos demonstrar como Chiara viveu as virtudes crist\u00e3s de modo heroico, ou seja, as virtudes Teologais (f\u00e9, esperan\u00e7a, caridade), Cardeais (prud\u00eancia, justi\u00e7a, fortaleza, temperan\u00e7a) e toda uma s\u00e9rie de virtudes derivadas\u201d.  Em seu relat\u00f3rio, o <strong>Delegado Episcopal Mons. Angelo Amati<\/strong> evidenciou que foram ouvidas 166 testemunhas tamb\u00e9m em v\u00e1rias viagens, como por exemplo, \u00e0s dioceses de Roma, Albano e Fiesole (It\u00e1lia), Lausanne-Genebra-Friburgo (Su\u00ed\u00e7a), Augsburg-Ottmaring e Bamberg-Nuremberg (Alemanha), Westminster (Inglaterra), Gand e Bruxelas (B\u00e9lgica) e duas cartas rogat\u00f3rias: \u00e0 Bangcoc (Tail\u00e2ndia) e Liubliana (Eslov\u00eania). \u201cO inqu\u00e9rito verificou a vida, as virtudes, o carisma e a espiritualidade espec\u00edfica de Chiara, &#8211; ressaltou Amati -, unidos \u00e0s tem\u00e1ticas teol\u00f3gicas apresentadas, tais como: a Unidade, Jesus abandonado e Jesus no meio, sobre a funda\u00e7\u00e3o da Obra de Maria (Movimento dos Focolares) e os contatos interconfessionais e inter-religiosos. Total de p\u00e1ginas coletadas: 35.057 em 102 volumes\u201d, que cont\u00eam v\u00e1rios tipos de material (testemunhos, cartas, documentos publicados e n\u00e3o publicados, escritos, di\u00e1rios, etc &#8230;).  A seguir, a declara\u00e7\u00e3o do Promotor de Justi\u00e7a Sac. Joselito Loteria &#8211; que juntamente com o not\u00e1rio Adv. Patrizia Sabatini e o Delegado Episcopal formam o tribunal diocesano institu\u00eddo para a Causa de Chiara Lubich -, depois, o bispo Martinelli leu o decreto de conclus\u00e3o da fase diocesana e nomeou<strong> \u201cPortitore\u201d o Dr. Daniel Tamborini<\/strong>, que ter\u00e1 a tarefa de entregar a documenta\u00e7\u00e3o \u00e0 Santa S\u00e9.  Em seguida, os juramentos do Portitore, do bispo Martinelli e de todos os membros do tribunal diocesano e da Postula\u00e7\u00e3o &#8211; Postulator Sac. Silvestre Marques, Vice-Postulador, Dra. Giuseppina Manici, Vice-Postulador, Dr. Waldery Hilgeman, e a assinatura do verbal da sess\u00e3o de encerramento.  O momento central foi o fechamento e a coloca\u00e7\u00e3o do selo nas \u00faltimas 3 das 75 caixas contendo as 35.000 p\u00e1ginas.  <img alt=\"\" alt=\"\" loading=\"lazy\" decoding=\"async\" class=\"wp-image-193135 alignright\" src=\"https:\/\/www.focolare.org\/wp-content\/uploads\/2019\/11\/33_CSC_20191110_Saluto_MariaVoce-90x60.jpg\" alt=\"\" width=\"320\" height=\"213\" \/>\u201cO nosso \u00fanico desejo agora \u00e9 oferecer \u00e0 Igreja, atrav\u00e9s desta ampla documenta\u00e7\u00e3o, o dom que Chiara foi para n\u00f3s e para muit\u00edssimas pessoas &#8211; afirmou <strong>Maria Voce, presidente do Movimento dos Focolares<\/strong>, na sua sauda\u00e7\u00e3o na Catedral -.  Acolhendo, dia ap\u00f3s dia, de modo coerente, o carisma que Deus lhe deu, caminhando e tendendo para a plenitude da vida crist\u00e3 e a perfei\u00e7\u00e3o da caridade, Chiara se prodigalizou para que esse caminho de vida evang\u00e9lica fosse percorrido por muitas pessoas, com a renovada determina\u00e7\u00e3o de ajudar todos os que encontrava a colocar Deus em primeiro lugar e a \u201csantificarem-se juntos\u201d. O seu olhar e o seu cora\u00e7\u00e3o, como agora demonstrado, eram movidos por um amor universal, capaz de abra\u00e7ar todos os homens para al\u00e9m das diferen\u00e7as, sempre propensa em realizar o testamento de Jesus: Ut omnes unum sint. \u00c9 motivo de alegria para todos saber que, agora, a Igreja vai estudar e analisar a vida e as virtudes da serva de Deus, a nossa amad\u00edssima Chiara\u201d.  <strong>O processo diocesano<\/strong> A data 7 de dezembro de 2013 marca o in\u00edcio da fase diocesana da Causa de canoniza\u00e7\u00e3o e beatifica\u00e7\u00e3o de Chiara Lubich &#8211; pouco mais de cinco anos ap\u00f3s sua morte em 14 de mar\u00e7o de 2008 &#8211; quando foi assinada em Castel Gandolfo a peti\u00e7\u00e3o oficial para o in\u00edcio da Causa. As primeiras a serem ouvidas foram as testemunhas oculares que a conheceram desde os primeiros tempos da funda\u00e7\u00e3o do Movimento dos Focolares.  Posteriormente, Dom Raffaello Martinelli consultou a Confer\u00eancia Episcopal da regi\u00e3o do L\u00e1cio sobre a oportunidade de iniciar a Causa, obtendo um parecer positivo. O bispo constituiu, assim, uma comiss\u00e3o de 3 especialistas em mat\u00e9ria hist\u00f3rica e arquiv\u00edstica que tinha a tarefa de reunir todo o material n\u00e3o publicado relativo a Chiara. Martinelli nomeou depois tr\u00eas Te\u00f3logos que examinaram os escritos publicados. Em 29 de junho de 2014, a Santa S\u00e9 concedeu o seu Nulla Osta \u00e0 abertura oficial da Causa.  Em 27 de janeiro de 2015, na Catedral de Frascati, realizou-se a cerim\u00f4nia de abertura da fase diocesana, conclu\u00edda em 10 de novembro de 2019. <\/p>\n<p style=\"text-align: right;\"><em>Lorenzo Russo<\/em> <em>Departamento de Comunica\u00e7\u00e3o do Movimento dos Focolares<\/em><\/p>\n<p> Texto: <a href=\"https:\/\/www.focolare.org\/wp-content\/uploads\/2019\/11\/UCF-00-20191110-Maria-Voce-alla-cerimonia-di-chiusura-della-fase-diocesana-della-Causa-di-Chiara-Lubich_PT.pdf\" target=\"_blank\" rel=\"noopener noreferrer\">Sauda\u00e7\u00e3o conclusiva de Maria Voce<\/a>  <div class=\"et_pb_slider et_pb_slider_fullwidth_off et_pb_gallery_post_type\">\n\t\t\t\t<div class=\"et_pb_slides\">\n\t\t\t\t\t\n\t\t\t\t<\/div>\n\t\t\t<\/div><\/p>\n","protected":false},"excerpt":{"rendered":"<p>Concluiu-se domingo, 10 de novembro, a fase diocesana da Causa de canoniza\u00e7\u00e3o e beatifica\u00e7\u00e3o de Chiara Lubich, fundadora do Movimento dos Focolares. Mais de 500 pessoas lotaram a Catedral de Frascati (Roma), onde se realizou a \u00faltima sess\u00e3o do inqu\u00e9rito diocesano.<\/p>\n","protected":false},"author":33,"featured_media":0,"comment_status":"open","ping_status":"open","sticky":false,"template":"","format":"standard","meta":{"give_campaign_id":0,"_seopress_robots_primary_cat":"","_seopress_titles_title":"","_seopress_titles_desc":"","_seopress_robots_index":"","_et_pb_use_builder":"","_et_pb_old_content":"","_et_gb_content_width":"","footnotes":""},"categories":[129],"tags":[],"class_list":["post-317406","post","type-post","status-publish","format-standard","hentry","category-sem-categoria"],"_links":{"self":[{"href":"https:\/\/www.focolare.org\/pt-pt\/wp-json\/wp\/v2\/posts\/317406","targetHints":{"allow":["GET"]}}],"collection":[{"href":"https:\/\/www.focolare.org\/pt-pt\/wp-json\/wp\/v2\/posts"}],"about":[{"href":"https:\/\/www.focolare.org\/pt-pt\/wp-json\/wp\/v2\/types\/post"}],"author":[{"embeddable":true,"href":"https:\/\/www.focolare.org\/pt-pt\/wp-json\/wp\/v2\/users\/33"}],"replies":[{"embeddable":true,"href":"https:\/\/www.focolare.org\/pt-pt\/wp-json\/wp\/v2\/comments?post=317406"}],"version-history":[{"count":0,"href":"https:\/\/www.focolare.org\/pt-pt\/wp-json\/wp\/v2\/posts\/317406\/revisions"}],"wp:attachment":[{"href":"https:\/\/www.focolare.org\/pt-pt\/wp-json\/wp\/v2\/media?parent=317406"}],"wp:term":[{"taxonomy":"category","embeddable":true,"href":"https:\/\/www.focolare.org\/pt-pt\/wp-json\/wp\/v2\/categories?post=317406"},{"taxonomy":"post_tag","embeddable":true,"href":"https:\/\/www.focolare.org\/pt-pt\/wp-json\/wp\/v2\/tags?post=317406"}],"curies":[{"name":"wp","href":"https:\/\/api.w.org\/{rel}","templated":true}]}}