{"id":317438,"date":"2019-12-09T03:00:21","date_gmt":"2019-12-09T02:00:21","guid":{"rendered":"https:\/\/www.focolare.org\/evangelho-vivido-vigiai-portanto-pois-nao-sabeis-em-que-dia-vira-o-vosso-senhor-mt-2442\/"},"modified":"2024-05-15T21:10:13","modified_gmt":"2024-05-15T19:10:13","slug":"evangelho-vivido-vigiai-portanto-pois-nao-sabeis-em-que-dia-vira-o-vosso-senhor-mt-2442","status":"publish","type":"post","link":"https:\/\/www.focolare.org\/pt-pt\/evangelho-vivido-vigiai-portanto-pois-nao-sabeis-em-que-dia-vira-o-vosso-senhor-mt-2442\/","title":{"rendered":"Evangelho vivido: \u00abVigiai, portanto, pois n\u00e3o sabeis em que dia vir\u00e1 o vosso Senhor\u00bb (Mt\u00a024,42)"},"content":{"rendered":"<p><em>Vigiar: \u00e9 um convite para manter os olhos abertos, para reconhecer os sinais da presen\u00e7a de Deus na hist\u00f3ria, no dia a dia e ajudar outros que vivem na escurid\u00e3o a encontrar a estrada da vida.<\/em>  <strong>\u00a0<\/strong><strong>Mais um filho<\/strong> Eu estava pronta para ter outros filhos, tendo em vista que j\u00e1 tinha tr\u00eas? A esta pergunta de uma amiga, respondi falando como cada filho seja um dom \u00fanico e a experi\u00eancia da maternidade n\u00e3o seja compar\u00e1vel a nenhuma outra, porque a alegria que um novo nascimento traz, \u00e9 um bem para toda a fam\u00edlia, para n\u00e3o falar do aspecto econ\u00f4mico que misteriosamente parece evidenciar que cada filho \u00e9 desejado pelo C\u00e9u. Quando disse isto, a amiga me confidenciou que estava esperando o segundo. Com o marido, tinha pensado no aborto, porque uma nova criatura comprometeria a situa\u00e7\u00e3o econ\u00f4mica da fam\u00edlia. Ao ir embora, ela me disse: \u201cEu me sinto pronta para uma nova maternidade\u201d. <em> (P.A. \u2013 It\u00e1lia)<\/em>  <strong>Dar confian\u00e7a<\/strong> T\u00ednhamos um primo com as \u201cm\u00e3os leves\u201d: quando vinha nos visitar, pequenos objetos desapareciam da nossa casa para reaparecer na dos tios. Delicadamente a minha m\u00e3e lhes avisou sobre o fato, mas ficaram t\u00e3o ofendidos que romperam as rela\u00e7\u00f5es conosco. Como crist\u00e3os, procuramos uma ocasi\u00e3o para reat\u00e1-las e ela se apresentou quando o primo, j\u00e1 adolescente, foi expulso da escola, porque foi descoberto roubando dos colegas. Foi ent\u00e3o que o meu pai sugeriu \u00e0queles parentes o nome de um especialista que poderia servir de ajuda. Embora com imensa dor e vergonha, os tios admitiram que o filho era cleptoman\u00edaco. A minha m\u00e3e prop\u00f4s a eles que pass\u00e1ssemos as f\u00e9rias juntos e a n\u00f3s, filhos, recomendou que f\u00f4ssemos generosos com o primo, lhe dando a m\u00e1xima confian\u00e7a. Foram dias belos e serenos. Tamb\u00e9m ele estava feliz. O acompanhamento psicoterap\u00eautico, inclusive com rem\u00e9dios, foi proveitoso para toda a fam\u00edlia. Um dia, a minha tia confidenciou: \u201c\u00c9ramos t\u00e3o orgulhosos da nossa fam\u00edlia que nos sent\u00edamos superiores. Est\u00e1vamos doentes de soberba\u201d. (<em>J.G. \u2013 Espanha)<\/em>  <strong>Justi\u00e7a e compreens\u00e3o<\/strong> Como ju\u00edza em uma localidade de alta densidade mafiosa, estava interrogando a horas um detento que havia aprontado das boas. Passada a hora do almo\u00e7o, me foi perguntado se eu queria comer. Aceitei, desde que trouxessem algo tamb\u00e9m para o detento. Aquele simples gesto foi para ele um pequeno choque. Quase n\u00e3o acreditava. Um medo repentino de me encontrar frente a frente com o indiciado naquele momento de pausa aconselhava que me afastasse. Mas eis surgir outro pensamento: \u201cN\u00e3o, se estou aqui para querer bem a este meu pr\u00f3ximo, n\u00e3o tenho nada a temer\u201d. O interrogat\u00f3rio continuou com a mesma atitude em rela\u00e7\u00e3o a ele: procurava fazer com que ele entendesse a gravidade do que tinha feito, mas sem julg\u00e1-lo, lhe falando serenamente. Tempos depois recebi uma carta sua da pris\u00e3o. Algum pedido de comuta\u00e7\u00e3o da pena? N\u00e3o, s\u00f3 um longo desafogo com a narra\u00e7\u00e3o das pr\u00f3prias mis\u00e9rias e o pedido de compreens\u00e3o. Estranho que a escrevesse justamente a mim que tinha emitido uma senten\u00e7a de condena\u00e7\u00e3o contra ele. Evidentemente tinha colhido alguma outra coisa. (<em>Elena \u2013 It\u00e1lia)<\/em> <\/p>\n<p style=\"text-align: right;\"><em>Aos cuidados de Stefania Tanesini<\/em> <em>(retirado de \u201cIl Vangelo del Giorno\u201d, Citt\u00e0 Nuova, anno V, n.6,novembre-dicembre 2019)<\/em><\/p>\n","protected":false},"excerpt":{"rendered":"<p>Vigiar: \u00e9 um convite para manter os olhos abertos, para reconhecer os sinais da presen\u00e7a de Deus na hist\u00f3ria, no dia a dia e ajudar outros que vivem na escurid\u00e3o a encontrar a estrada da vida.<\/p>\n","protected":false},"author":33,"featured_media":0,"comment_status":"open","ping_status":"open","sticky":false,"template":"","format":"standard","meta":{"give_campaign_id":0,"_seopress_robots_primary_cat":"","_seopress_titles_title":"","_seopress_titles_desc":"","_seopress_robots_index":"","_et_pb_use_builder":"","_et_pb_old_content":"","_et_gb_content_width":"","footnotes":""},"categories":[129],"tags":[],"class_list":["post-317438","post","type-post","status-publish","format-standard","hentry","category-sem-categoria"],"_links":{"self":[{"href":"https:\/\/www.focolare.org\/pt-pt\/wp-json\/wp\/v2\/posts\/317438","targetHints":{"allow":["GET"]}}],"collection":[{"href":"https:\/\/www.focolare.org\/pt-pt\/wp-json\/wp\/v2\/posts"}],"about":[{"href":"https:\/\/www.focolare.org\/pt-pt\/wp-json\/wp\/v2\/types\/post"}],"author":[{"embeddable":true,"href":"https:\/\/www.focolare.org\/pt-pt\/wp-json\/wp\/v2\/users\/33"}],"replies":[{"embeddable":true,"href":"https:\/\/www.focolare.org\/pt-pt\/wp-json\/wp\/v2\/comments?post=317438"}],"version-history":[{"count":0,"href":"https:\/\/www.focolare.org\/pt-pt\/wp-json\/wp\/v2\/posts\/317438\/revisions"}],"wp:attachment":[{"href":"https:\/\/www.focolare.org\/pt-pt\/wp-json\/wp\/v2\/media?parent=317438"}],"wp:term":[{"taxonomy":"category","embeddable":true,"href":"https:\/\/www.focolare.org\/pt-pt\/wp-json\/wp\/v2\/categories?post=317438"},{"taxonomy":"post_tag","embeddable":true,"href":"https:\/\/www.focolare.org\/pt-pt\/wp-json\/wp\/v2\/tags?post=317438"}],"curies":[{"name":"wp","href":"https:\/\/api.w.org\/{rel}","templated":true}]}}