{"id":317446,"date":"2019-12-16T03:00:15","date_gmt":"2019-12-16T02:00:15","guid":{"rendered":"https:\/\/www.focolare.org\/evangelho-vivido-uma-espera-cheia-de-vida\/"},"modified":"2024-05-15T21:10:15","modified_gmt":"2024-05-15T19:10:15","slug":"evangelho-vivido-uma-espera-cheia-de-vida","status":"publish","type":"post","link":"https:\/\/www.focolare.org\/pt-pt\/evangelho-vivido-uma-espera-cheia-de-vida\/","title":{"rendered":"Evangelho vivido: uma espera cheia de vida"},"content":{"rendered":"<p><em>Cada pequeno gesto de amor, cada gentileza, cada sorriso dado transforma nossa exist\u00eancia em uma espera cont\u00ednua e fecunda.<\/em>  <strong>Coral das crian\u00e7as<\/strong> Em prepara\u00e7\u00e3o das festas de natal, fomos a um hospital com um belo grupo de crian\u00e7as para alegrar Jesus presente nos jovens pacientes com nossos cantos. N\u00e3o nos deixaram ir at\u00e9 a ala deles, mas permitiram que nos apresent\u00e1ssemos na recep\u00e7\u00e3o do hospital. Foi surpreendente assistir \u00e0 transforma\u00e7\u00e3o dos visitantes: \u00e0s vezes, entravam com uma express\u00e3o s\u00e9ria e, assim que viam as crian\u00e7as cantando, esbo\u00e7avam um sorriso. Depois, v\u00e1rios voltaram para escutar juntamente com os pacientes que vieram encontrar. Outras pessoas internadas que n\u00e3o esperavam visitas pediram para ir ao hall para assistir \u00e0 apresenta\u00e7\u00e3o e muitos se juntaram ao coral. Os funcion\u00e1rios do hospital tamb\u00e9m ficaram contentes com essa atmosfera ins\u00f3lita. A diretoria do hospital j\u00e1 nos convidou para vir no pr\u00f3ximo ano, prometendo nos deixar entrar tamb\u00e9m na ala reservada \u00e0s crian\u00e7as. <em> (N.L. \u2013 Holanda)<\/em>  <strong>Na cozinha<\/strong> Trabalho na cozinha de uma escolinha, e n\u00e3o economizava energias no trabalho. Um dia, enquanto escutava uma funcion\u00e1ria contando que para ela cada crian\u00e7a era um tesouro a ser protegido, percebi que, de fato, eu n\u00e3o pensava em colocar amor em tudo o que fazia. Agora, considerar que cada refei\u00e7\u00e3o \u00e9 uma nutri\u00e7\u00e3o <em>para<\/em> pessoas que um dia ter\u00e3o o mundo nas m\u00e3os tornou-se um verdadeiro incentivo para a criatividade. Comecei a colocar nos pratos alguns enfeites de surpresa, a arrumar a comida de um modo sempre novo. A alegria e a surpresa das crian\u00e7as confirmaram que n\u00e3o \u00e9 poss\u00edvel saber o que pode nascer de um simples gesto de amor. (<em>K.J. \u2013 Coreia)<\/em>  <strong>O incidente<\/strong> O trabalho no centro de recupera\u00e7\u00e3o para dependentes qu\u00edmicos havia se tornado alienante. Presa pelas muitas coisas a fazer, sentia sempre mais uma sensa\u00e7\u00e3o de vazio e Deus cada vez mais longe. Uma noite em que chovia muito, o carro em que eu estava indo para a casa perdeu o controle, bateu em um muro e foi parar na outra pista. Quando cheguei ao pronto-socorro, ver um crucifixo pendurado na parede me deu coragem. Enquanto os m\u00e9dicos me atendiam, eu experimentei uma paz sutil, como n\u00e3o sentia h\u00e1 muito tempo. Por sorte, apesar das feridas e contus\u00f5es leves, n\u00e3o aconteceu nada de grave, por isso recebi alta quase imediatamente. Por semanas, ao lado da cama em que fiquei de repouso, houve um vai e vem de pessoas, entre telefonemas e presentes. As visitas frequentes dos meus dependentes qu\u00edmicos foram emocionantes: \u201cVoc\u00ea sobreviveu porque faz boas a\u00e7\u00f5es\u201d. Meus colegas de trabalho tamb\u00e9m ficaram bem pr\u00f3ximos: evidentemente havia constru\u00eddo com eles um la\u00e7o s\u00f3lido. Gra\u00e7as \u00e0quele repouso for\u00e7ado, reencontrei tamb\u00e9m o gosto pela ora\u00e7\u00e3o e acho que entendi porque Deus n\u00e3o me levou dessa vez. <em>(Lucia \u2013 It\u00e1lia)<\/em>  <strong>Lou\u00e7a para lavar<\/strong> Depois de uma festa da par\u00f3quia organizada para dar uma refei\u00e7\u00e3o quente aos mendigos, eu estava no meio de uma bagun\u00e7a de restos, panelas e lou\u00e7a suja. Na cozinha, o p\u00e1roco j\u00e1 estava lavando a lou\u00e7a, feliz com a noite. Tocado pela sua frase, \u201ctudo \u00e9 ora\u00e7\u00e3o\u201d, lhe perguntei: \u201cat\u00e9 mesmo lavar a lou\u00e7a?\u201d, e ele: \u201co maior tesouro \u00e9 entender que tudo tem um valor imenso porque por tr\u00e1s daquela panela, h\u00e1 um irm\u00e3o que precisa de mim\u201d. Desde aquele momento, meu trabalho pesado de pedreiro, levar os filhos \u00e0 escola, consertar o lustre&#8230; tudo se tornou uma ocasi\u00e3o para tornar a a\u00e7\u00e3o sublime e sagrada. <em>(G.F. \u2013 ltalia)<\/em> <\/p>\n<p style=\"text-align: right;\"><em>Aos cuidados de Stefania Tanesini<\/em> <em>(retirado de \u201cIl Vangelo del Giorno\u201d, Citt\u00e0 Nuova, anno V, n.6,novembre-dicembre 2019)<\/em><\/p>\n","protected":false},"excerpt":{"rendered":"<p>Chaque petit acte d\u2019amour, chaque gentillesse, chaque sourire transforme notre existence en une continue et f\u00e9conde attente.<\/p>\n","protected":false},"author":33,"featured_media":0,"comment_status":"open","ping_status":"open","sticky":false,"template":"","format":"standard","meta":{"give_campaign_id":0,"_seopress_robots_primary_cat":"","_seopress_titles_title":"","_seopress_titles_desc":"","_seopress_robots_index":"","_et_pb_use_builder":"","_et_pb_old_content":"","_et_gb_content_width":"","footnotes":""},"categories":[129],"tags":[],"class_list":["post-317446","post","type-post","status-publish","format-standard","hentry","category-sem-categoria"],"_links":{"self":[{"href":"https:\/\/www.focolare.org\/pt-pt\/wp-json\/wp\/v2\/posts\/317446","targetHints":{"allow":["GET"]}}],"collection":[{"href":"https:\/\/www.focolare.org\/pt-pt\/wp-json\/wp\/v2\/posts"}],"about":[{"href":"https:\/\/www.focolare.org\/pt-pt\/wp-json\/wp\/v2\/types\/post"}],"author":[{"embeddable":true,"href":"https:\/\/www.focolare.org\/pt-pt\/wp-json\/wp\/v2\/users\/33"}],"replies":[{"embeddable":true,"href":"https:\/\/www.focolare.org\/pt-pt\/wp-json\/wp\/v2\/comments?post=317446"}],"version-history":[{"count":0,"href":"https:\/\/www.focolare.org\/pt-pt\/wp-json\/wp\/v2\/posts\/317446\/revisions"}],"wp:attachment":[{"href":"https:\/\/www.focolare.org\/pt-pt\/wp-json\/wp\/v2\/media?parent=317446"}],"wp:term":[{"taxonomy":"category","embeddable":true,"href":"https:\/\/www.focolare.org\/pt-pt\/wp-json\/wp\/v2\/categories?post=317446"},{"taxonomy":"post_tag","embeddable":true,"href":"https:\/\/www.focolare.org\/pt-pt\/wp-json\/wp\/v2\/tags?post=317446"}],"curies":[{"name":"wp","href":"https:\/\/api.w.org\/{rel}","templated":true}]}}