{"id":317472,"date":"2020-01-14T16:13:32","date_gmt":"2020-01-14T15:13:32","guid":{"rendered":"https:\/\/www.focolare.org\/filipinas-atividade-do-vulcao-taal-leva-a-evacuacao-da-mariapolis-paz\/"},"modified":"2024-05-15T21:10:19","modified_gmt":"2024-05-15T19:10:19","slug":"filipinas-atividade-do-vulcao-taal-leva-a-evacuacao-da-mariapolis-paz","status":"publish","type":"post","link":"https:\/\/www.focolare.org\/pt-pt\/filipinas-atividade-do-vulcao-taal-leva-a-evacuacao-da-mariapolis-paz\/","title":{"rendered":"Filipinas: atividade do vulc\u00e3o Taal leva \u00e0 evacua\u00e7\u00e3o da Mari\u00e1polis Paz"},"content":{"rendered":"<p><em>Em todo o mundo tornou-se not\u00edcia a erup\u00e7\u00e3o do vulc\u00e3o Taal, iniciada em doze de janeiro passado, a poucos quil\u00f4metros de dist\u00e2ncia da Mari\u00e1polis Paz, dos Focolares, em Tagaytay, na ilha de Luzon.<\/em>  <img alt=\"\" alt=\"\" loading=\"lazy\" decoding=\"async\" class=\" wp-image-200849 alignleft\" src=\"https:\/\/www.focolare.org\/wp-content\/uploads\/2020\/01\/45ee9e33-6117-4396-ace9-b5e40cbf3360-80x180.jpg\" alt=\"\" width=\"225\" height=\"506\" \/>Por meio das redes sociais, as fotos das casas e ruas cobertas de cinzas e lama chegaram a toda parte, assim como a not\u00edcia das tantas pessoas que nestes dias est\u00e3o deixando a regi\u00e3o tur\u00edstica de Tagaytay, a cerca de 60 km de Manila. As autoridades filipinas solicitaram a evacua\u00e7\u00e3o total de cerca 500 mil pessoas depois do alerta emitido pelo Instituto de Vulcanologia e Sismologia das Filipinas (PHILVOLCS). Com efeito, existe o temor de uma erup\u00e7\u00e3o explosiva.  \u201cParece andar numa cidade fantasma \u2013 comenta uma jovem no Facebook, descrevendo Tagaytay, a sua cidade &#8211; tudo tem uma s\u00f3 cor cinzenta, falta eletricidade, \u00e1gua e os tremores de terremoto s\u00e3o frequentes\u201d.  A cerca de 30 km do vulc\u00e3o Taal est\u00e1 tamb\u00e9m a <a href=\"https:\/\/www.focolare.org\/pt\/news\/2017\/08\/10\/filipinas-uma-pequena-cidade-chamada-paz\/\" target=\"_blank\" rel=\"noopener noreferrer\">Mari\u00e1polis Paz,<\/a> dos Focolares. Foi fundada em 1982 com uma forte voca\u00e7\u00e3o ao di\u00e1logo entre pessoas de diferentes religi\u00f5es, e esta manh\u00e3 conseguimos contato com Ding Dalisay e Chun Boc Tay, respons\u00e1veis pelos Focolares nas Filipinas, para ter not\u00edcias de seus moradores; eles nos asseguraram que foi quase completa a evacua\u00e7\u00e3o dos habitantes. \u201cQuase todas as focolarinas sa\u00edram, os sacerdotes e seminaristas se transferiram para o Semin\u00e1rio S\u00e3o Carlos, e os sete gen \u2013 jovens dos Focolares \u2013 agora est\u00e3o em Manila. Parte dos focolarinos est\u00e3o com suas fam\u00edlias e alguns ficaram em seus Focolares; as fam\u00edlias do Movimento est\u00e3o bem e algumas se transferiram. Estamos distribuindo alimentos e \u00e1gua para quem precisa e nos organizando para alojar os refugiados, caso seja necess\u00e1rio. \u00c9 dif\u00edcil nos comunicarmos porque n\u00e3o podemos recarregar as baterias dos celulares nem usar o computador.  Ontem celebramos a Missa e jantamos juntos, \u00e0 luz de vela. Procuramos merecer a presen\u00e7a de Jesus entre n\u00f3s\u201d. Em seguida, Ding fala da extraordin\u00e1ria resili\u00eancia do povo filipino, vis\u00edvel em gestos normais que se tornam heroicos em situa\u00e7\u00f5es extremas como essa: \u201c\u00c9 incr\u00edvel a criatividade das pessoas mais pobres que, mesmo n\u00e3o tendo nada, inventam recursos inesperados para servir quem precisa mais. Vimos um homem deficiente que colocou na rua uma mesinha para distribuir gratuitamente mascar\u00e1s contra a fuligem; e o propriet\u00e1rio de um pequeno restaurante que colocou na frente um cartaz escrito: \u2018Quem precisa de uma refei\u00e7\u00e3o pode entrar sem pagar\u2019; ou um senhor que se oferece para tirar as cinzas de qualquer carro que estiver circulando, com a sua bomba de \u00e1gua\u201d.  A comunidade dos Focolares de Tagaytay e arredores agradece a todos que rezam, no mundo inteiro, pelas mensagens e in\u00fameras chamadas. Continuamos a acompanhar a situa\u00e7\u00e3o e transmitir not\u00edcias, especialmente por meio das redes sociais do Movimento dos Focolares. <\/p>\n<p style=\"text-align: right;\"><em>Stefania Tanesini<\/em><\/p>\n","protected":false},"excerpt":{"rendered":"<p>Em todo o mundo tornou-se not\u00edcia a erup\u00e7\u00e3o do vulc\u00e3o Taal, iniciada em doze de janeiro passado, a poucos quil\u00f4metros de dist\u00e2ncia da Mari\u00e1polis Paz, dos Focolares, em Tagaytay, na ilha de Luzon.<\/p>\n","protected":false},"author":24,"featured_media":0,"comment_status":"open","ping_status":"open","sticky":false,"template":"","format":"standard","meta":{"give_campaign_id":0,"_seopress_robots_primary_cat":"","_seopress_titles_title":"","_seopress_titles_desc":"","_seopress_robots_index":"","_et_pb_use_builder":"","_et_pb_old_content":"","_et_gb_content_width":"","footnotes":""},"categories":[129],"tags":[],"class_list":["post-317472","post","type-post","status-publish","format-standard","hentry","category-sem-categoria"],"_links":{"self":[{"href":"https:\/\/www.focolare.org\/pt-pt\/wp-json\/wp\/v2\/posts\/317472","targetHints":{"allow":["GET"]}}],"collection":[{"href":"https:\/\/www.focolare.org\/pt-pt\/wp-json\/wp\/v2\/posts"}],"about":[{"href":"https:\/\/www.focolare.org\/pt-pt\/wp-json\/wp\/v2\/types\/post"}],"author":[{"embeddable":true,"href":"https:\/\/www.focolare.org\/pt-pt\/wp-json\/wp\/v2\/users\/24"}],"replies":[{"embeddable":true,"href":"https:\/\/www.focolare.org\/pt-pt\/wp-json\/wp\/v2\/comments?post=317472"}],"version-history":[{"count":0,"href":"https:\/\/www.focolare.org\/pt-pt\/wp-json\/wp\/v2\/posts\/317472\/revisions"}],"wp:attachment":[{"href":"https:\/\/www.focolare.org\/pt-pt\/wp-json\/wp\/v2\/media?parent=317472"}],"wp:term":[{"taxonomy":"category","embeddable":true,"href":"https:\/\/www.focolare.org\/pt-pt\/wp-json\/wp\/v2\/categories?post=317472"},{"taxonomy":"post_tag","embeddable":true,"href":"https:\/\/www.focolare.org\/pt-pt\/wp-json\/wp\/v2\/tags?post=317472"}],"curies":[{"name":"wp","href":"https:\/\/api.w.org\/{rel}","templated":true}]}}