{"id":317502,"date":"2020-02-10T03:00:39","date_gmt":"2020-02-10T02:00:39","guid":{"rendered":"https:\/\/www.focolare.org\/chiara-lubich-e-roma-um-vinculo-de-amor\/"},"modified":"2024-05-15T21:10:24","modified_gmt":"2024-05-15T19:10:24","slug":"chiara-lubich-e-roma-um-vinculo-de-amor","status":"publish","type":"post","link":"https:\/\/www.focolare.org\/pt-pt\/chiara-lubich-e-roma-um-vinculo-de-amor\/","title":{"rendered":"Chiara Lubich e Roma: um v\u00ednculo de amor"},"content":{"rendered":"<p><em>Na capital italiana, uma noite dedicada \u00e0 fundadora do Movimento dos Focolares e ao seu relacionamento \u00edntimo com Roma, cidade da qual havia se tornado cidad\u00e3 honor\u00e1ria h\u00e1 vinte anos. Tamb\u00e9m ser\u00e1 apresentada a edi\u00e7\u00e3o Conversazioni. In collegamento telefonico (Conversas. Em collegamento telef\u00f4nico, em tradu\u00e7\u00e3o livre).<\/em>  <img alt=\"\" alt=\"\" loading=\"lazy\" decoding=\"async\" class=\"wp-image-203367 alignright\" src=\"https:\/\/www.focolare.org\/wp-content\/uploads\/2020\/02\/Teatro-Eliseo-Roma2-90x44.jpeg\" alt=\"\" width=\"338\" height=\"165\" \/>O dia 22 de janeiro \u00e9 uma data importante para Roma, n\u00e3o s\u00f3 porque \u00e9 o anivers\u00e1rio de Chiara Lubich, nascida em 1920 \u2013 cujo centen\u00e1rio se festeja neste ano \u2013 mas tamb\u00e9m porque no dia 22 de janeiro de 2000, em pleno jubileu, o prefeito de Roma da \u00e9poca, Francesco Rutelli, quis dar-lhe a cidadania honor\u00e1ria. Naquela ocasi\u00e3o, Chiara lembrou que o nome de Roma, lido ao contr\u00e1rio, transforma-se em \u201camor\u201d. \u00c9 daqui que veio sua vis\u00e3o de uma capital invadida pelo amor evang\u00e9lico por aquela que foi chamada mais tarde de opera\u00e7\u00e3o \u201cRoma-Amor\u201d. Desde aquele 22 de janeiro de 2000, a comunidade do Movimento dos Focolares de Roma come\u00e7ou uma nova fase com mais empenho e testemunho pela cidade.  A vinte anos daquele evento, no dia 22 de janeiro de 2020, Chiara foi lembrada com uma noite dedicada a ela. \u201cEu acho que h\u00e1 um elemento na experi\u00eancia de Chiara que a conecta com aquela de S\u00e3o Paulo: ambos tornaram-se cidad\u00e3os de Roma\u201d, disse o ex-prefeito Francesco Rutelli. \u201cChiara citou mais de uma vez S\u00e3o Paulo e esse elo entre os dois tem uma for\u00e7a e uma simbologia extraordin\u00e1rias. E Chiara, desde 22 de janeiro de 2000, assumiu o empenho de se dedicar mais e melhor por Roma, encarnando o amor rec\u00edproco onde quer que fosse. Hoje, n\u00e3o h\u00e1 nada mais bonito do que pegar para n\u00f3s essas palavras.\u201d  Durante o evento, houve tamb\u00e9m um aprofundamento do livro Conversazioni. In collegamento telefonico, de Michel Vandeleene, que tem 300 pensamentos espirituais de Chiara. Textos que ela transmitia por meio de uma confer\u00eancia telef\u00f4nica peri\u00f3dica a partir da Su\u00ed\u00e7a (por isso o nome Collegamento CH), com os centros mais importantes do Movimento dos Focolares espalhados nos cinco continentes. Tamb\u00e9m era uma oportunidade de fazer com que todos participassem dos eventos e not\u00edcias da vida do Movimento no mundo. \u201cO que temos diante de n\u00f3s \u00e9 um tipo de di\u00e1rio pessoal e comunit\u00e1rio no qual a experi\u00eancia de Chiara se mostra ligada \u00e0 vida dos membros do Movimento\u201d, afirmou a professora Maria Intrieri, docente de hist\u00f3ria antiga na Universidade da Cal\u00e1bria (It\u00e1lia). \u201cPodemos colher dois tipos de fruto: a grande hist\u00f3ria de Chiara e da sua Obra na Igreja e com a Igreja pelas estradas do mundo, e tamb\u00e9m emerge a micro hist\u00f3ria, as pequenas experi\u00eancias, os encontros de que ela participava no Centro Internacional do Movimento dos Focolares, suas viagens, uma carta que ela recebeu de uma crian\u00e7a&#8230; Chiara fazia isso para ser sempre mais uma s\u00f3 fam\u00edlia.\u201d  \u201cPercebemos que os dois termos \u2013 conversas e collegamento \u2013 escondem ra\u00edzes profund\u00edssimas: encontrar-se no mesmo local e estar coligados\u201d, afirmou a professora Cristiana Freni, docente de filosofia da linguagem na Universidade Salesiana. \u201c\u00c9 isso que Chiara desejava fazer em 1980: fazer com que se sentissem membros de uma mesma fam\u00edlia e instaurar liga\u00e7\u00f5es profundamente ontol\u00f3gicas gra\u00e7as aos Collegamentos CH. Desse modo, uma massa pode se tornar um povo.\u201d  Michel Vandeleene destacou a import\u00e2ncia da linguagem usada nos pensamentos espirituais de Chiara: \u201co vocabul\u00e1rio de uma pessoa reflete sua alma e, observando o vocabul\u00e1rio de Chiara, v\u00ea-se uma pessoa aberta, feliz, evangelicamente tenaz. Al\u00e9m disso, o modo que uma pessoa usa as palavras revela muito sobre ela. A palavra do\u00e7ura, para Chiara, remete \u00e0 uni\u00e3o com Deus ou \u00e0 presen\u00e7a amorosa de Deus no nosso meio. Compilando este volume\u201d, comentou, \u201cfiquei tocado com a vis\u00e3o de Chiara sobre o cristianismo: uma religi\u00e3o positiva, fascinante, que n\u00e3o pode n\u00e3o ser seguida\u201d.  Por fim, o diretor Marco Aleotti explicou o que \u00e9 o Collegamento CH hoje: \u201cDepois da morte de Chiara, nos perguntamos: \u2018o que acontecer\u00e1 com o Collegamento?\u2019. A cada dois meses, continuamos fazendo e qualquer pessoa pode acompanhar pela internet. O feedback que chega depois da transmiss\u00e3o\u201d, concluiu, \u201c\u00e9 o testemunho de tantas pessoas que continuam fazendo a mesma experi\u00eancia de ser uma \u00fanica fam\u00edlia como nos Collegamentos com Chiara\u201d. <\/p>\n<p style=\"text-align: right;\"><em>Lorenzo Russo<\/em><\/p>\n","protected":false},"excerpt":{"rendered":"<p>Na capital italiana, uma noite dedicada \u00e0 fundadora do Movimento dos Focolares e ao seu relacionamento \u00edntimo com Roma, cidade da qual havia se tornado cidad\u00e3 honor\u00e1ria h\u00e1 vinte anos. Tamb\u00e9m ser\u00e1 apresentada a edi\u00e7\u00e3o Conversazioni. In collegamento telefonico (Conversas. Em collegamento telef\u00f4nico, em tradu\u00e7\u00e3o livre).<\/p>\n","protected":false},"author":33,"featured_media":0,"comment_status":"open","ping_status":"open","sticky":false,"template":"","format":"standard","meta":{"give_campaign_id":0,"_seopress_robots_primary_cat":"","_seopress_titles_title":"","_seopress_titles_desc":"","_seopress_robots_index":"","_et_pb_use_builder":"","_et_pb_old_content":"","_et_gb_content_width":"","footnotes":""},"categories":[129],"tags":[],"class_list":["post-317502","post","type-post","status-publish","format-standard","hentry","category-sem-categoria"],"_links":{"self":[{"href":"https:\/\/www.focolare.org\/pt-pt\/wp-json\/wp\/v2\/posts\/317502","targetHints":{"allow":["GET"]}}],"collection":[{"href":"https:\/\/www.focolare.org\/pt-pt\/wp-json\/wp\/v2\/posts"}],"about":[{"href":"https:\/\/www.focolare.org\/pt-pt\/wp-json\/wp\/v2\/types\/post"}],"author":[{"embeddable":true,"href":"https:\/\/www.focolare.org\/pt-pt\/wp-json\/wp\/v2\/users\/33"}],"replies":[{"embeddable":true,"href":"https:\/\/www.focolare.org\/pt-pt\/wp-json\/wp\/v2\/comments?post=317502"}],"version-history":[{"count":0,"href":"https:\/\/www.focolare.org\/pt-pt\/wp-json\/wp\/v2\/posts\/317502\/revisions"}],"wp:attachment":[{"href":"https:\/\/www.focolare.org\/pt-pt\/wp-json\/wp\/v2\/media?parent=317502"}],"wp:term":[{"taxonomy":"category","embeddable":true,"href":"https:\/\/www.focolare.org\/pt-pt\/wp-json\/wp\/v2\/categories?post=317502"},{"taxonomy":"post_tag","embeddable":true,"href":"https:\/\/www.focolare.org\/pt-pt\/wp-json\/wp\/v2\/tags?post=317502"}],"curies":[{"name":"wp","href":"https:\/\/api.w.org\/{rel}","templated":true}]}}