{"id":317530,"date":"2020-03-02T16:47:36","date_gmt":"2020-03-02T15:47:36","guid":{"rendered":"https:\/\/www.focolare.org\/prof-giuseppe-argiolas-e-o-novo-reitor-do-instituto-universitario-sophia\/"},"modified":"2024-05-15T21:10:29","modified_gmt":"2024-05-15T19:10:29","slug":"prof-giuseppe-argiolas-e-o-novo-reitor-do-instituto-universitario-sophia","status":"publish","type":"post","link":"https:\/\/www.focolare.org\/pt-pt\/prof-giuseppe-argiolas-e-o-novo-reitor-do-instituto-universitario-sophia\/","title":{"rendered":"Prof. Giuseppe Argiolas \u00e8 o novo reitor do Instituto Universit\u00e1rio Sophia"},"content":{"rendered":"<p><em>Ap\u00f3s 12 anos de presid\u00eancia, o prof. Piero Coda, que dirigiu o Instituto Universit\u00e1rio Sophia desde a sua funda\u00e7\u00e3o, passa o bast\u00e3o ao prof. Giuseppe Argiolas, docente de Administra\u00e7\u00e3o no mesmo instituto.<\/em>  \u00c9 a primeira mudan\u00e7a de comando para o Instituto Universit\u00e1rio Sophia (I.U.S.), que coincide com a atribui\u00e7\u00e3o, por parte da Congrega\u00e7\u00e3o para a Educa\u00e7\u00e3o Cat\u00f3lica, do t\u00edtulo de \u201creitor\u201d para aquele que, anteriormente, era o decano do Instituto. O prof. Giuseppe Argiolas \u00e9, portanto, o novo reitor de Sophia. Sucede ao prof. Piero Coda que dirigiu o Instituto desde a sua funda\u00e7\u00e3o, com sabedoria e esp\u00edrito de profecia.  A elei\u00e7\u00e3o, realizada pelo Conselho Acad\u00eamico do Instituto, aconteceu no dia 9 de janeiro passado. No dia 20 de fevereiro, com uma carta, a Congrega\u00e7\u00e3o para a Educa\u00e7\u00e3o Cat\u00f3lica nomeou o prof. Giuseppe Argiolas Reitor do Instituto Universit\u00e1rio Sophia, para um mandato de quatro anos. Na mesma manh\u00e3, na Aula Magna do Instituto Universit\u00e1rio Sophia realizou-se a cerim\u00f4nia de posse do novo reitor.  <img alt=\"\" alt=\"\" loading=\"lazy\" decoding=\"async\" class=\"wp-image-218084 alignleft\" src=\"https:\/\/www.focolare.org\/wp-content\/uploads\/2020\/03\/Cerimonia-nomina-Rettore-1-453x340.jpeg\" alt=\"\" width=\"300\" height=\"225\" \/>Argiolas nasceu em Cagliari em 1969. \u00c9 professor est\u00e1vel do I.U.S. desde 2016, quando deixou sua fun\u00e7\u00e3o na Universidade de Cagliari para dedicar-se ao projeto de desenvolvimento do curso de mestrado em Administra\u00e7\u00e3o e dirigir a Escola de Doutorado do Instituto. A sua atividade de pesquisa concentra-se principalmente nos temas da <em>Responsabilidade Social das Empresas e das Organiza\u00e7\u00f5es <\/em>e da <em>Administra\u00e7\u00e3o de Empresas<\/em> \u201c<em>Mission-Driven<\/em>\u201d (veja biografia).  \u201cAntes de tudo quero exprimir profunda admira\u00e7\u00e3o pelo prof. Piero Coda e um grande agradecimento pelo que ele realizou at\u00e9 hoje \u2013 comentou o prof. Argiolas \u2013 da minha parte, procurarei dar o melhor de mim ao exercer a miss\u00e3o que me foi confiada, interpretando esta responsabilidade como um servi\u00e7o de unidade\u201d. E continua: \u201cTermina a fase de funda\u00e7\u00e3o e come\u00e7a a de consolida\u00e7\u00e3o e desenvolvimento, com a passagem de gera\u00e7\u00e3o. Mas o que n\u00e3o dever\u00e1 faltar \u00e9 a dimens\u00e3o carism\u00e1tica. Sophia continuar\u00e1 a cumprir, com fidelidade criativa, a miss\u00e3o para a qual foi fundada por Chiara Lubich, percorrendo junto a tantos companheiros de viagem \u2013 como nos disse o Papa Francisco \u2013 com \u2018alegria, vis\u00e3o e decis\u00e3o\u2019 sempre novas \u2018o caminho rec\u00e9m iniciado\u201d.  Acrescenta o prof. Piero Coda, que nos deixa depois de 12 anos de dire\u00e7\u00e3o: \u201cEstou feliz pela nova etapa no caminho de Sophia que inicia sob a dire\u00e7\u00e3o especializada e inspirada de Giuseppe Argiolas, fruto de um amadurecimento constante e consolidado em todos os n\u00edveis. A nomea\u00e7\u00e3o n\u00e3o mais a decano, e sim a Reitor, por parte da Congrega\u00e7\u00e3o para a Educa\u00e7\u00e3o Cat\u00f3lica chega inesperadamente e \u00e9 bem-vinda, como garantia e maior impulso. A ocasi\u00e3o \u00e9 prop\u00edcia para renovar com entusiasmo e alegria, com o reitor e com toda a comunidade acad\u00eamica, aquele pacto de unidade que qualifica o esp\u00edrito que nos anima, e que hoje \u00e9 mais uma vez lan\u00e7ado, com vigor pelo Pacto Educativo Global, do Papa Francisco\u201d.  Maria Voce, vice Gr\u00e3 Chanceler do Instituto e presidente do Movimento dos Focolares, transmitiu seus votos: \u201cTenho a alegria de renovar os meus parab\u00e9ns ao prof. Giuseppe Argiolas, novo Reitor do Instituto Universit\u00e1rio Sophia. A sua elei\u00e7\u00e3o assinala, sem d\u00favidas, uma passagem de gera\u00e7\u00e3o e de \u00e2mbito acad\u00eamico, em rela\u00e7\u00e3o \u00e0 presid\u00eancia que se conclui. Estou certa de que o prof. Argiolas lhes presentear\u00e1 com as suas caracter\u00edsticas pessoais, permanecendo fiel \u00e0 origem carism\u00e1tica da cultura da unidade e atualizando-a, para responder no melhor modo poss\u00edvel \u00e0s exig\u00eancias do tempo atual\u201d.  <em>Fonte: Ufficio Stampa Istituto Universitario Sophia<\/em><\/p>\n","protected":false},"excerpt":{"rendered":"<p>Prof. Giuseppe Argiolas \u00e8 o novo reitor do Instituto Universit\u00e1rio Sophia<\/p>\n","protected":false},"author":24,"featured_media":0,"comment_status":"open","ping_status":"open","sticky":false,"template":"","format":"standard","meta":{"give_campaign_id":0,"_seopress_robots_primary_cat":"","_seopress_titles_title":"","_seopress_titles_desc":"","_seopress_robots_index":"","_et_pb_use_builder":"","_et_pb_old_content":"","_et_gb_content_width":"","footnotes":""},"categories":[129],"tags":[],"class_list":["post-317530","post","type-post","status-publish","format-standard","hentry","category-sem-categoria"],"_links":{"self":[{"href":"https:\/\/www.focolare.org\/pt-pt\/wp-json\/wp\/v2\/posts\/317530","targetHints":{"allow":["GET"]}}],"collection":[{"href":"https:\/\/www.focolare.org\/pt-pt\/wp-json\/wp\/v2\/posts"}],"about":[{"href":"https:\/\/www.focolare.org\/pt-pt\/wp-json\/wp\/v2\/types\/post"}],"author":[{"embeddable":true,"href":"https:\/\/www.focolare.org\/pt-pt\/wp-json\/wp\/v2\/users\/24"}],"replies":[{"embeddable":true,"href":"https:\/\/www.focolare.org\/pt-pt\/wp-json\/wp\/v2\/comments?post=317530"}],"version-history":[{"count":0,"href":"https:\/\/www.focolare.org\/pt-pt\/wp-json\/wp\/v2\/posts\/317530\/revisions"}],"wp:attachment":[{"href":"https:\/\/www.focolare.org\/pt-pt\/wp-json\/wp\/v2\/media?parent=317530"}],"wp:term":[{"taxonomy":"category","embeddable":true,"href":"https:\/\/www.focolare.org\/pt-pt\/wp-json\/wp\/v2\/categories?post=317530"},{"taxonomy":"post_tag","embeddable":true,"href":"https:\/\/www.focolare.org\/pt-pt\/wp-json\/wp\/v2\/tags?post=317530"}],"curies":[{"name":"wp","href":"https:\/\/api.w.org\/{rel}","templated":true}]}}