{"id":317532,"date":"2020-03-02T17:05:29","date_gmt":"2020-03-02T16:05:29","guid":{"rendered":"https:\/\/www.focolare.org\/adiado-para-o-dia-21-de-novembro-de-2020-the-economy-of-francesco\/"},"modified":"2024-05-15T21:10:30","modified_gmt":"2024-05-15T19:10:30","slug":"adiado-para-o-dia-21-de-novembro-de-2020-the-economy-of-francesco","status":"publish","type":"post","link":"https:\/\/www.focolare.org\/pt-pt\/adiado-para-o-dia-21-de-novembro-de-2020-the-economy-of-francesco\/","title":{"rendered":"Adiado para o dia 21 de novembro de 2020 \u201cThe Economy of Francesco\u201d"},"content":{"rendered":"<p><em>O economista Luigino Bruni, diretor cient\u00edfico do evento: \u201cChegaremos mais preparados. Os jovens do mundo est\u00e3o respondendo com grande senso de responsabilidade e o desejo de se empenhar ainda mais. De uma ferida poder\u00e1 nascer uma b\u00ean\u00e7\u00e3o\u201d.<\/em>  De acordo com o Santo Padre, passa para o dia 21 de novembro pr\u00f3ximo \u201cThe Economy of Francesco\u201d, mas n\u00e3o se det\u00e9m o trabalho dos membros da comiss\u00e3o cient\u00edfica e dos jovens envolvidos na organiza\u00e7\u00e3o. Ali\u00e1s, continua com grande empenho e entusiasmo como se l\u00ea na nota \u00e0 imprensa do dia 1\u00ba de mar\u00e7o. A decis\u00e3o foi tomada \u2013 se l\u00ea \u2013 \u201cvistas as dificuldades nos deslocamentos para os cerca de dois mil jovens provenientes de 115 pa\u00edses\u201d de que se prev\u00ea a participa\u00e7\u00e3o e tamb\u00e9m por causa do corona v\u00edrus.  <img alt=\"\" alt=\"\" loading=\"lazy\" decoding=\"async\" class=\"wp-image-218079 alignleft\" src=\"https:\/\/www.focolare.org\/wp-content\/uploads\/2020\/03\/89066337_10219333909012005_6797654334336139264_o-680x340.jpg\" alt=\"\" width=\"350\" height=\"175\" \/>O encontro marcado, todavia, \u00e9 s\u00f3 adiado e o Papa Francisco estar\u00e1 em Assis em novembro para se encontrar com os jovens que, j\u00e1 alguns dias antes, participar\u00e3o de laborat\u00f3rios, di\u00e1logos e aprofundamentos sobre v\u00e1rios temas econ\u00f4micos.  O foco tem\u00e1tico est\u00e1 contido na carta que no dia 1\u00ba de maio de 2019 o Papa Francisco endere\u00e7ou aos \u201cjovens economistas, empres\u00e1rios e empres\u00e1rias do mundo inteiro\u201d, convidando-os a re-animar a economia \u2013 no sentido literal de lhe restituir uma alma \u2013 a estar entre aqueles que respondem ao grito dos pobres da terra e n\u00e3o se voltam para o outro lado.  \u201c\u00c9 por isso que desejo encontrar-me com voc\u00eas em Assis \u2013 escreve o Santo Padre \u2013: para promover juntos, atrav\u00e9s de um \u201cpacto\u201d comum, um processo de mudan\u00e7a global que veja em comunh\u00e3o de inten\u00e7\u00f5es n\u00e3o apenas quantos t\u00eam o dom da f\u00e9, mas todos os homens de boa vontade, para al\u00e9m das diferen\u00e7as de credo e de nacionalidade, unidos por um ideal de fraternidade atento acima de tudo aos pobres e aos exclu\u00eddos\u201d.  O prof. Luigino Bruni, diretor cient\u00edfico do evento, em um post no Facebook agradece ao papa pela nova data. \u201cChegaremos mais preparados\u201d \u2013 acrescenta. \u201cOs jovens do mundo est\u00e3o respondendo com grande senso de responsabilidade e o desejo de se empenhar ainda mais. De uma ferida poder\u00e1 nascer uma b\u00ean\u00e7\u00e3o.  Devemos ser sonhadores realistas e, portanto, viver os anseios e as crises do nosso tempo e depois fazer de tudo para que &#8216;no one less&#8217; \u2013 n\u00e3o um a menos dos 2000 j\u00e1 selecionados e que j\u00e1 tinham se inscrito, muitos dos quais j\u00e1 compraram as passagens a\u00e9reas. Impressionou-me n\u00e3o ler nestes, nenhum lamento dos jovens pelo adiamento, mas somente vontade de continuar a corrida. J\u00e1 realizamos 230 eventos Towards Assis, faremos outros trezentos nestes oito meses a mais\u201d. <\/p>\n<p style=\"text-align: right;\"><em>Stefania Tanesini<\/em><\/p>\n","protected":false},"excerpt":{"rendered":"<p>O economista Luigino Bruni, diretor cient\u00edfico do evento: \u201cChegaremos mais preparados. Os jovens do mundo est\u00e3o respondendo com grande senso de responsabilidade e o desejo de se empenhar ainda mais. De uma ferida poder\u00e1 nascer uma b\u00ean\u00e7\u00e3o\u201d.<\/p>\n","protected":false},"author":24,"featured_media":0,"comment_status":"open","ping_status":"open","sticky":false,"template":"","format":"standard","meta":{"give_campaign_id":0,"_seopress_robots_primary_cat":"","_seopress_titles_title":"","_seopress_titles_desc":"","_seopress_robots_index":"","_et_pb_use_builder":"","_et_pb_old_content":"","_et_gb_content_width":"","footnotes":""},"categories":[129],"tags":[],"class_list":["post-317532","post","type-post","status-publish","format-standard","hentry","category-sem-categoria"],"_links":{"self":[{"href":"https:\/\/www.focolare.org\/pt-pt\/wp-json\/wp\/v2\/posts\/317532","targetHints":{"allow":["GET"]}}],"collection":[{"href":"https:\/\/www.focolare.org\/pt-pt\/wp-json\/wp\/v2\/posts"}],"about":[{"href":"https:\/\/www.focolare.org\/pt-pt\/wp-json\/wp\/v2\/types\/post"}],"author":[{"embeddable":true,"href":"https:\/\/www.focolare.org\/pt-pt\/wp-json\/wp\/v2\/users\/24"}],"replies":[{"embeddable":true,"href":"https:\/\/www.focolare.org\/pt-pt\/wp-json\/wp\/v2\/comments?post=317532"}],"version-history":[{"count":0,"href":"https:\/\/www.focolare.org\/pt-pt\/wp-json\/wp\/v2\/posts\/317532\/revisions"}],"wp:attachment":[{"href":"https:\/\/www.focolare.org\/pt-pt\/wp-json\/wp\/v2\/media?parent=317532"}],"wp:term":[{"taxonomy":"category","embeddable":true,"href":"https:\/\/www.focolare.org\/pt-pt\/wp-json\/wp\/v2\/categories?post=317532"},{"taxonomy":"post_tag","embeddable":true,"href":"https:\/\/www.focolare.org\/pt-pt\/wp-json\/wp\/v2\/tags?post=317532"}],"curies":[{"name":"wp","href":"https:\/\/api.w.org\/{rel}","templated":true}]}}