{"id":317556,"date":"2020-03-19T03:00:33","date_gmt":"2020-03-19T02:00:33","guid":{"rendered":"https:\/\/www.focolare.org\/padre-silio-naduva-pioneiro-do-movimento-dos-focolares-nas-ilhas-fiji\/"},"modified":"2024-05-15T21:10:33","modified_gmt":"2024-05-15T19:10:33","slug":"padre-silio-naduva-pioneiro-do-movimento-dos-focolares-nas-ilhas-fiji","status":"publish","type":"post","link":"https:\/\/www.focolare.org\/pt-pt\/padre-silio-naduva-pioneiro-do-movimento-dos-focolares-nas-ilhas-fiji\/","title":{"rendered":"Padre Silio Naduva: pioneiro do Movimento dos Focolares nas Ilhas Fiji"},"content":{"rendered":"<p><em>Ele faleceu h\u00e1 poucos meses, aos 53 anos; suas paix\u00f5es eram construir pontes entre povos e culturas e formar as novas gera\u00e7\u00f5es.<\/em>  Os jovens eram a \u201cideia fixa\u201d do padre Silio Naduva, sacerdote das Ilhas Fiji, no Pac\u00edfico Meridional, falecido h\u00e1 poucos meses, aos 53 anos. Assegurar-lhes uma forma\u00e7\u00e3o e educa\u00e7\u00e3o humana e espiritual era sua paix\u00e3o mais profunda, em uma das ilhas mais isolada do arquip\u00e9lago, onde a globaliza\u00e7\u00e3o que leva o mundo \u00e0s casas n\u00e3o basta para dar aos jovens o conhecimento e os instrumentos para enfrentar a pr\u00f3pria vida de modo consciente, livre e frutuoso.  O que o havia fascinado do carisma da unidade de Chiara Lubich, que havia conhecido no fim dos anos 90, era \u201cesta capacidade do ideal de tornar-se fam\u00edlia, de cimentar a uni\u00e3o entre as pessoas e em particular com o rebanho que o Senhor havia lhe confiado\u201d, conta Roberto Paoloni, volunt\u00e1rio do Movimento dos Focolares, que juntamente com o padre Silio trabalhou durante algumas semanas de forma\u00e7\u00e3o justamente na sua par\u00f3quia de St. Anne, em Napuka, no ver\u00e3o passado. \u201cNa espiritualidade da unidade\u201d, explica Paoloni, \u201chavia descoberto uma for\u00e7a propulsiva incr\u00edvel\u201d que o havia ajudado a enfrentar tamb\u00e9m momentos de grande dor e sofrimento.  Nascido no dia 28 de fevereiro de 1867 em Namuamua, na prov\u00edncia de Serua, uma pequena vila na ilha principal de Fiji, Silio era o s\u00e9timo de nove irm\u00e3os e desde muito jovem mostrava grande generosidade, perseveran\u00e7a, iniciativa e capacidade de cuidar tanto de seus familiares como de todos. Frequentou a escola marista e depois, aos 17 anos, se alistou nas for\u00e7as militares de Fiji. Silio participou de duas miss\u00f5es, vivendo experi\u00eancias traum\u00e1ticas, por\u00e9m, nunca perdeu sua profunda humanidade.  Somente depois da morte de seu pai, em 1996, Silio entrou no semin\u00e1rio regional do Pac\u00edfico para come\u00e7ar sua forma\u00e7\u00e3o e, no ano seguinte, conheceu o Movimento dos Focolares. Foi ordenado sacerdote no dia 01 de janeiro de 2005, aos 37 anos, e come\u00e7ou seu minist\u00e9rio na par\u00f3quia de Vudibasoga, em Nabala. Em 2013, foi diagnosticado com uma doen\u00e7a grave, o que n\u00e3o lhe impediu de servir e trabalhar pela par\u00f3quia com todas as suas energias.  Em 2018, padre Silio acompanhou alguns jovens ao Genfest de Manila, nas Filipinas, e voltou para a casa com o desejo ardente de encorajar seus jovens a seguir por aquele caminho. Ele os guiava e educava. Com eles, se dedicava a construir pontes com os jovens das outras comunidades, com diferentes culturas e l\u00ednguas, mas como irm\u00e3os. Entre seus \u00faltimos esfor\u00e7os, est\u00e1 a promo\u00e7\u00e3o de um encontro para os jovens da sua e das par\u00f3quias vizinhas, organizado em agosto passado em colabora\u00e7\u00e3o com o Movimento dos Focolares e a Caritas local. Em uma comunidade fragmentada e uma composi\u00e7\u00e3o social dilacerada por pobreza e viol\u00eancia, Padre Silio trabalhou para oferecer aos jovens um horizonte mais amplo, onde a conviv\u00eancia se nutre de solidariedade rec\u00edproca e onde povos separados por grandes dist\u00e2ncias e com tradi\u00e7\u00f5es, culturas e l\u00ednguas diversas se encontram em respeito rec\u00edproco e com o desejo de construir relacionamentos de fraternidade. <\/p>\n<p style=\"text-align: right;\"><em>Claudia Di Lorenzi<\/em><\/p>\n","protected":false},"excerpt":{"rendered":"<p>Ele faleceu h\u00e1 poucos meses, aos 53 anos; suas paix\u00f5es eram construir pontes entre povos e culturas e formar as novas gera\u00e7\u00f5es.<\/p>\n","protected":false},"author":33,"featured_media":0,"comment_status":"open","ping_status":"open","sticky":false,"template":"","format":"standard","meta":{"give_campaign_id":0,"_seopress_robots_primary_cat":"","_seopress_titles_title":"","_seopress_titles_desc":"","_seopress_robots_index":"","_et_pb_use_builder":"","_et_pb_old_content":"","_et_gb_content_width":"","footnotes":""},"categories":[129],"tags":[],"class_list":["post-317556","post","type-post","status-publish","format-standard","hentry","category-sem-categoria"],"_links":{"self":[{"href":"https:\/\/www.focolare.org\/pt-pt\/wp-json\/wp\/v2\/posts\/317556","targetHints":{"allow":["GET"]}}],"collection":[{"href":"https:\/\/www.focolare.org\/pt-pt\/wp-json\/wp\/v2\/posts"}],"about":[{"href":"https:\/\/www.focolare.org\/pt-pt\/wp-json\/wp\/v2\/types\/post"}],"author":[{"embeddable":true,"href":"https:\/\/www.focolare.org\/pt-pt\/wp-json\/wp\/v2\/users\/33"}],"replies":[{"embeddable":true,"href":"https:\/\/www.focolare.org\/pt-pt\/wp-json\/wp\/v2\/comments?post=317556"}],"version-history":[{"count":0,"href":"https:\/\/www.focolare.org\/pt-pt\/wp-json\/wp\/v2\/posts\/317556\/revisions"}],"wp:attachment":[{"href":"https:\/\/www.focolare.org\/pt-pt\/wp-json\/wp\/v2\/media?parent=317556"}],"wp:term":[{"taxonomy":"category","embeddable":true,"href":"https:\/\/www.focolare.org\/pt-pt\/wp-json\/wp\/v2\/categories?post=317556"},{"taxonomy":"post_tag","embeddable":true,"href":"https:\/\/www.focolare.org\/pt-pt\/wp-json\/wp\/v2\/tags?post=317556"}],"curies":[{"name":"wp","href":"https:\/\/api.w.org\/{rel}","templated":true}]}}