{"id":317570,"date":"2020-04-06T01:00:44","date_gmt":"2020-04-05T23:00:44","guid":{"rendered":"https:\/\/www.focolare.org\/foco-o-mundo-nao-sera-mais-como-antes-qual-a-contribuicao-para-que-seja-melhor\/"},"modified":"2024-05-15T21:10:36","modified_gmt":"2024-05-15T19:10:36","slug":"foco-o-mundo-nao-sera-mais-como-antes-qual-a-contribuicao-para-que-seja-melhor","status":"publish","type":"post","link":"https:\/\/www.focolare.org\/pt-pt\/foco-o-mundo-nao-sera-mais-como-antes-qual-a-contribuicao-para-que-seja-melhor\/","title":{"rendered":"FOCO &#8211; O mundo n\u00e3o ser\u00e1 mais como antes: qual a contribui\u00e7\u00e3o para que seja melhor?"},"content":{"rendered":"<p><em>Em di\u00e1logo com Vincenzo Buonomo, reitor da Pontif\u00edcia Universidade Lateranense; Luigino Bruni, economista; Amy Uelmen, advogada e professora na Universidade de Georgetown.<\/em>  https:\/\/vimeo.com\/402937639<\/p>\n","protected":false},"excerpt":{"rendered":"<p>Em di\u00e1logo com Vincenzo Buonomo, reitor da Pontif\u00edcia Universidade Lateranense; Luigino Bruni, economista; Amy Uelmen, advogada e professora na Universidade de Georgetown.<\/p>\n","protected":false},"author":33,"featured_media":0,"comment_status":"open","ping_status":"open","sticky":false,"template":"","format":"standard","meta":{"give_campaign_id":0,"_seopress_robots_primary_cat":"","_seopress_titles_title":"","_seopress_titles_desc":"","_seopress_robots_index":"","_et_pb_use_builder":"","_et_pb_old_content":"","_et_gb_content_width":"","footnotes":""},"categories":[129],"tags":[],"class_list":["post-317570","post","type-post","status-publish","format-standard","hentry","category-sem-categoria"],"_links":{"self":[{"href":"https:\/\/www.focolare.org\/pt-pt\/wp-json\/wp\/v2\/posts\/317570","targetHints":{"allow":["GET"]}}],"collection":[{"href":"https:\/\/www.focolare.org\/pt-pt\/wp-json\/wp\/v2\/posts"}],"about":[{"href":"https:\/\/www.focolare.org\/pt-pt\/wp-json\/wp\/v2\/types\/post"}],"author":[{"embeddable":true,"href":"https:\/\/www.focolare.org\/pt-pt\/wp-json\/wp\/v2\/users\/33"}],"replies":[{"embeddable":true,"href":"https:\/\/www.focolare.org\/pt-pt\/wp-json\/wp\/v2\/comments?post=317570"}],"version-history":[{"count":0,"href":"https:\/\/www.focolare.org\/pt-pt\/wp-json\/wp\/v2\/posts\/317570\/revisions"}],"wp:attachment":[{"href":"https:\/\/www.focolare.org\/pt-pt\/wp-json\/wp\/v2\/media?parent=317570"}],"wp:term":[{"taxonomy":"category","embeddable":true,"href":"https:\/\/www.focolare.org\/pt-pt\/wp-json\/wp\/v2\/categories?post=317570"},{"taxonomy":"post_tag","embeddable":true,"href":"https:\/\/www.focolare.org\/pt-pt\/wp-json\/wp\/v2\/tags?post=317570"}],"curies":[{"name":"wp","href":"https:\/\/api.w.org\/{rel}","templated":true}]}}