{"id":317580,"date":"2020-04-11T01:10:23","date_gmt":"2020-04-10T23:10:23","guid":{"rendered":"https:\/\/www.focolare.org\/tempo-da-pascoa-isolados-mas-sempre-projetados-para-um-mundo-mais-unido\/"},"modified":"2024-05-15T21:10:38","modified_gmt":"2024-05-15T19:10:38","slug":"tempo-da-pascoa-isolados-mas-sempre-projetados-para-um-mundo-mais-unido","status":"publish","type":"post","link":"https:\/\/www.focolare.org\/pt-pt\/tempo-da-pascoa-isolados-mas-sempre-projetados-para-um-mundo-mais-unido\/","title":{"rendered":"Tempo da P\u00e1scoa: isolados, mas sempre projetados para um mundo mais unido"},"content":{"rendered":"<p><em>A emerg\u00eancia do Coronav\u00edrus imp\u00f4s v\u00e1rias restri\u00e7\u00f5es em muitos pa\u00edses e n\u00e3o se pode sair de casa.\u00a0 O isolamento pode ser um problema, mas a for\u00e7a da solidariedade e o desejo de permanecer unidos e conectados, gra\u00e7as \u00e0s redes sociais, s\u00e3o mais fortes. S\u00e3o os desejos de uma Feliz P\u00e1scoa que giram pelo mundo.<\/em>  https:\/\/vimeo.com\/406334683<\/p>\n","protected":false},"excerpt":{"rendered":"<p>A emerg\u00eancia do Coronav\u00edrus imp\u00f4s v\u00e1rias restri\u00e7\u00f5es em muitos pa\u00edses e n\u00e3o se pode sair de casa.\u00a0 O isolamento pode ser um problema, mas a for\u00e7a da solidariedade e o desejo de permanecer unidos e conectados, gra\u00e7as \u00e0s redes sociais, s\u00e3o mais fortes. S\u00e3o os desejos de uma Feliz P\u00e1scoa que giram pelo mundo.<\/p>\n","protected":false},"author":33,"featured_media":0,"comment_status":"open","ping_status":"open","sticky":false,"template":"","format":"standard","meta":{"give_campaign_id":0,"_seopress_robots_primary_cat":"","_seopress_titles_title":"","_seopress_titles_desc":"","_seopress_robots_index":"","_et_pb_use_builder":"","_et_pb_old_content":"","_et_gb_content_width":"","footnotes":""},"categories":[129],"tags":[],"class_list":["post-317580","post","type-post","status-publish","format-standard","hentry","category-sem-categoria"],"_links":{"self":[{"href":"https:\/\/www.focolare.org\/pt-pt\/wp-json\/wp\/v2\/posts\/317580","targetHints":{"allow":["GET"]}}],"collection":[{"href":"https:\/\/www.focolare.org\/pt-pt\/wp-json\/wp\/v2\/posts"}],"about":[{"href":"https:\/\/www.focolare.org\/pt-pt\/wp-json\/wp\/v2\/types\/post"}],"author":[{"embeddable":true,"href":"https:\/\/www.focolare.org\/pt-pt\/wp-json\/wp\/v2\/users\/33"}],"replies":[{"embeddable":true,"href":"https:\/\/www.focolare.org\/pt-pt\/wp-json\/wp\/v2\/comments?post=317580"}],"version-history":[{"count":0,"href":"https:\/\/www.focolare.org\/pt-pt\/wp-json\/wp\/v2\/posts\/317580\/revisions"}],"wp:attachment":[{"href":"https:\/\/www.focolare.org\/pt-pt\/wp-json\/wp\/v2\/media?parent=317580"}],"wp:term":[{"taxonomy":"category","embeddable":true,"href":"https:\/\/www.focolare.org\/pt-pt\/wp-json\/wp\/v2\/categories?post=317580"},{"taxonomy":"post_tag","embeddable":true,"href":"https:\/\/www.focolare.org\/pt-pt\/wp-json\/wp\/v2\/tags?post=317580"}],"curies":[{"name":"wp","href":"https:\/\/api.w.org\/{rel}","templated":true}]}}