{"id":317584,"date":"2020-04-16T01:00:05","date_gmt":"2020-04-15T23:00:05","guid":{"rendered":"https:\/\/www.focolare.org\/centenario-as-novidades-de-chiara-um-ateneu-do-tamanho-do-mundo\/"},"modified":"2024-05-15T21:10:38","modified_gmt":"2024-05-15T19:10:38","slug":"centenario-as-novidades-de-chiara-um-ateneu-do-tamanho-do-mundo","status":"publish","type":"post","link":"https:\/\/www.focolare.org\/pt-pt\/centenario-as-novidades-de-chiara-um-ateneu-do-tamanho-do-mundo\/","title":{"rendered":"Centen\u00e1rio, as novidades de Chiara: um ateneu do tamanho do mundo"},"content":{"rendered":"<p><em>Como nasceu a ideia de concretizar o Instituto Universit\u00e1rio Sophia e como se desenvolveu at\u00e9 hoje: o valor cultural do carisma da unidade de Chiara Lubich.<\/em>  O Instituto Universit\u00e1rio Sophia (IUS) nasceu como um patrim\u00f4nio espiritual crist\u00e3o em constante di\u00e1logo com os princ\u00edpios sobre como floresceram e se desenvolveram as civiliza\u00e7\u00f5es dos povos. Sua sede fica em Loppiano (It\u00e1lia), uma cidadela do Movimento dos Focolares que, desde sua funda\u00e7\u00e3o em 1964, \u00e9 um local de forma\u00e7\u00e3o para fam\u00edlias, jovens e adultos com um estilo de vida baseado no Evangelho. <img alt=\"\" alt=\"\" loading=\"lazy\" decoding=\"async\" class=\"wp-image-223926 alignright\" src=\"https:\/\/www.focolare.org\/wp-content\/uploads\/2020\/04\/Sophia-Piero-512x340.jpg\" alt=\"\" width=\"374\" height=\"248\" \/>O professor <strong>Piero Coda<\/strong>, presidente do instituto universit\u00e1rio desde sua funda\u00e7\u00e3o at\u00e9 fevereiro passado nos explica como esse projeto se concretizou ao longo dos anos.  <strong>Prof. Coda, como a ideia de criar uma universidade nasceu em Chiara Lubich?<\/strong> \u201cA ideia, conforme o padre Casimiro Bonetti, capuchinho que acompanhou Chiara nos anos 1940, me confirmou em 2008, quando Sophia foi inaugurada, j\u00e1 havia surgido desde o in\u00edcio. Estava no DNA do carisma da unidade, porque se trata de um carisma que emana uma cultura: uma vis\u00e3o concreta da pessoa humana e do mundo. O pontap\u00e9 inicial, concretamente, foi dado depois do prot\u00f3tipo nos anos 1990 da Escola Abba que, com Chiara, come\u00e7ou a estudar o valor cultural do carisma, chegando ao patrim\u00f4nio de luz no Para\u00edso de 49.\u201d  <strong>Quando nasceu e como se desenvolveu?<\/strong> \u201cA universidade nasceu, em uma primeira etapa, com o Instituto Superior de Cultura voltado aos gen (os jovens do Movimento dos Focolares) inaugurado no dia 15 de agosto de 2001 por Chiara em um discurso que constitui a carta magna. Em 2005, visto o sucesso do experimento e por solicita\u00e7\u00e3o de expoentes da cultura como Stefano Zamagni, presidente da pontif\u00edcia Academia das Ci\u00eancias Sociais, come\u00e7ou o projeto de um verdadeiro Instituto Universit\u00e1rio: mas de forma original, segundo a \u2018ideia\u2019 nascente do carisma, o qual foi institu\u00eddo pela Santa S\u00e9 no dia 7 de dezembro de 2007.\u201d  <strong><img alt=\"\" alt=\"\" loading=\"lazy\" decoding=\"async\" class=\"alignleft wp-image-223925 \" src=\"https:\/\/www.focolare.org\/wp-content\/uploads\/2020\/04\/Sophia-studenti-e1586891595964-661x340.jpg\" alt=\"\" width=\"484\" height=\"249\" \/>Qual \u00e9 a rela\u00e7\u00e3o com a Santa S\u00e9?<\/strong> \u201cFoi uma escolha pensada por Chiara a de construir uma universidade que n\u00e3o fosse reconhecida, imediatamente, por um Estado, mas sim pela Igreja Cat\u00f3lica com seu alcance universal. Isso tamb\u00e9m significava, para Chiara, um reconhecimento do fato de que o carisma da unidade, como os grandes carismas da hist\u00f3ria crist\u00e3 (de Bento a Domingos e Francisco, at\u00e9 In\u00e1cio de Loyola e dom Bosco), \u00e9 um carisma em que a Igreja reconhece um projeto de forma\u00e7\u00e3o humana e social que exprime o Evangelho. Com a difus\u00e3o depois do \u2018processo de Bolonha\u2019 \u2013 o reconhecimento bilateral dos t\u00edtulos de estudo a n\u00edvel europeu e al\u00e9m, do qual a Igreja participa \u2013 se projetavam cen\u00e1rios pratic\u00e1veis para a institui\u00e7\u00e3o que assim nascia.\u201d  <strong>Como ela mudou ao longo dos anos?<\/strong> \u201cSophia nasceu e se desenvolveu caminhando sobre tr\u00eas pernas: a do ensino e da pesquisa a n\u00edvel acad\u00eamico; a da experi\u00eancia de forma\u00e7\u00e3o compartilhada da vida de comunidade entre docentes e estudantes de todas as culturas; a do relacionamento com as express\u00f5es concretas da encarna\u00e7\u00e3o dos valores intr\u00ednsecos do carisma da unidade nos v\u00e1rios \u00e2mbitos da vida social, pol\u00edtica, econ\u00f4mica. Sob todos esses aspectos foram dados passos gigantes. Basta dizer, por exemplo, que come\u00e7amos com um \u00fanico curso e agora temos quatro: o programa original de \u2018cultura da unidade\u2019 expandiu-se em \u00e2mbito teol\u00f3gico e filos\u00f3fico, econ\u00f4mico e pol\u00edtico, da educa\u00e7\u00e3o, do di\u00e1logo e da comunica\u00e7\u00e3o.\u201d  <strong>O que \u00e9 Sophia hoje?<\/strong> \u201cUma confirma\u00e7\u00e3o importante, uma esperan\u00e7a segura, um investimento estrat\u00e9gico. Uma confirma\u00e7\u00e3o do valor e da atualidade da institui\u00e7\u00e3o de Chiara. Uma esperan\u00e7a de que a busca do novo paradigma cultural que a mudan\u00e7a de tempos nos pede n\u00e3o \u00e9 uma utopia. Um investimento para promover com serenidade e vis\u00e3o o desenvolvimento, n\u00e3o s\u00f3 cultural, do carisma da unidade e da sua incid\u00eancia hist\u00f3rica.\u201d  Anteriormente, sempre houve um presidente. Atualmente, h\u00e1 um reitor. O que isso significa para a universidade? \u201cO fato de que o minist\u00e9rio vaticano para os estudos e a universidade tenha pedido essa passagem sublinha a valida\u00e7\u00e3o do caminho feito e \u00e9 um reconhecimento do acesso do Instituto ao status de Ateneu. Tamb\u00e9m pode-se ver um eco daquilo que o papa Francisco nos disse na audi\u00eancia do dia 14 de novembro passado: \u2018Estou contente com o caminho que fizeram nesses doze anos de vida. Continuem! O caminho acabou de come\u00e7ar\u2019.\u201d <\/p>\n<p style=\"text-align: right;\"><em>Lorenzo Russo<\/em><\/p>\n","protected":false},"excerpt":{"rendered":"<p>Como nasceu a ideia de concretizar o Instituto Universit\u00e1rio Sophia e como se desenvolveu at\u00e9 hoje: o valor cultural do carisma da unidade de Chiara Lubich.<\/p>\n","protected":false},"author":33,"featured_media":0,"comment_status":"open","ping_status":"open","sticky":false,"template":"","format":"standard","meta":{"give_campaign_id":0,"_seopress_robots_primary_cat":"","_seopress_titles_title":"","_seopress_titles_desc":"","_seopress_robots_index":"","_et_pb_use_builder":"","_et_pb_old_content":"","_et_gb_content_width":"","footnotes":""},"categories":[129],"tags":[],"class_list":["post-317584","post","type-post","status-publish","format-standard","hentry","category-sem-categoria"],"_links":{"self":[{"href":"https:\/\/www.focolare.org\/pt-pt\/wp-json\/wp\/v2\/posts\/317584","targetHints":{"allow":["GET"]}}],"collection":[{"href":"https:\/\/www.focolare.org\/pt-pt\/wp-json\/wp\/v2\/posts"}],"about":[{"href":"https:\/\/www.focolare.org\/pt-pt\/wp-json\/wp\/v2\/types\/post"}],"author":[{"embeddable":true,"href":"https:\/\/www.focolare.org\/pt-pt\/wp-json\/wp\/v2\/users\/33"}],"replies":[{"embeddable":true,"href":"https:\/\/www.focolare.org\/pt-pt\/wp-json\/wp\/v2\/comments?post=317584"}],"version-history":[{"count":0,"href":"https:\/\/www.focolare.org\/pt-pt\/wp-json\/wp\/v2\/posts\/317584\/revisions"}],"wp:attachment":[{"href":"https:\/\/www.focolare.org\/pt-pt\/wp-json\/wp\/v2\/media?parent=317584"}],"wp:term":[{"taxonomy":"category","embeddable":true,"href":"https:\/\/www.focolare.org\/pt-pt\/wp-json\/wp\/v2\/categories?post=317584"},{"taxonomy":"post_tag","embeddable":true,"href":"https:\/\/www.focolare.org\/pt-pt\/wp-json\/wp\/v2\/tags?post=317584"}],"curies":[{"name":"wp","href":"https:\/\/api.w.org\/{rel}","templated":true}]}}