{"id":317612,"date":"2020-05-09T01:00:35","date_gmt":"2020-05-08T23:00:35","guid":{"rendered":"https:\/\/www.focolare.org\/coronavirus-uma-emergencia-que-requer-um-novo-compromisso-com-a-fraternidade\/"},"modified":"2024-05-15T21:10:44","modified_gmt":"2024-05-15T19:10:44","slug":"coronavirus-uma-emergencia-que-requer-um-novo-compromisso-com-a-fraternidade","status":"publish","type":"post","link":"https:\/\/www.focolare.org\/pt-pt\/coronavirus-uma-emergencia-que-requer-um-novo-compromisso-com-a-fraternidade\/","title":{"rendered":"Coronav\u00edrus &#8211; Uma emerg\u00eancia que requer um novo compromisso com a fraternidade"},"content":{"rendered":"<p><em>Experi\u00eancias de quem est\u00e1 na linha de frente e de quem fica em casa, muitas maneiras de viver para os outros.<\/em>  https:\/\/vimeo.com\/402936481<\/p>\n","protected":false},"excerpt":{"rendered":"<p>Experi\u00eancias de quem est\u00e1 na linha de frente e de quem fica em casa, muitas maneiras de viver para os outros.<\/p>\n","protected":false},"author":33,"featured_media":0,"comment_status":"open","ping_status":"open","sticky":false,"template":"","format":"standard","meta":{"give_campaign_id":0,"_seopress_robots_primary_cat":"","_seopress_titles_title":"","_seopress_titles_desc":"","_seopress_robots_index":"","_et_pb_use_builder":"","_et_pb_old_content":"","_et_gb_content_width":"","footnotes":""},"categories":[129],"tags":[],"class_list":["post-317612","post","type-post","status-publish","format-standard","hentry","category-sem-categoria"],"_links":{"self":[{"href":"https:\/\/www.focolare.org\/pt-pt\/wp-json\/wp\/v2\/posts\/317612","targetHints":{"allow":["GET"]}}],"collection":[{"href":"https:\/\/www.focolare.org\/pt-pt\/wp-json\/wp\/v2\/posts"}],"about":[{"href":"https:\/\/www.focolare.org\/pt-pt\/wp-json\/wp\/v2\/types\/post"}],"author":[{"embeddable":true,"href":"https:\/\/www.focolare.org\/pt-pt\/wp-json\/wp\/v2\/users\/33"}],"replies":[{"embeddable":true,"href":"https:\/\/www.focolare.org\/pt-pt\/wp-json\/wp\/v2\/comments?post=317612"}],"version-history":[{"count":0,"href":"https:\/\/www.focolare.org\/pt-pt\/wp-json\/wp\/v2\/posts\/317612\/revisions"}],"wp:attachment":[{"href":"https:\/\/www.focolare.org\/pt-pt\/wp-json\/wp\/v2\/media?parent=317612"}],"wp:term":[{"taxonomy":"category","embeddable":true,"href":"https:\/\/www.focolare.org\/pt-pt\/wp-json\/wp\/v2\/categories?post=317612"},{"taxonomy":"post_tag","embeddable":true,"href":"https:\/\/www.focolare.org\/pt-pt\/wp-json\/wp\/v2\/tags?post=317612"}],"curies":[{"name":"wp","href":"https:\/\/api.w.org\/{rel}","templated":true}]}}