{"id":317624,"date":"2020-05-13T15:00:35","date_gmt":"2020-05-13T13:00:35","guid":{"rendered":"https:\/\/www.focolare.org\/quanto-mais-amamos-o-irmao-mais-a-dor-se-dissipa\/"},"modified":"2024-05-15T21:10:46","modified_gmt":"2024-05-15T19:10:46","slug":"quanto-mais-amamos-o-irmao-mais-a-dor-se-dissipa","status":"publish","type":"post","link":"https:\/\/www.focolare.org\/pt-pt\/quanto-mais-amamos-o-irmao-mais-a-dor-se-dissipa\/","title":{"rendered":"\u201cQuanto mais amamos o irm\u00e3o, mais a dor se dissipa\u201d"},"content":{"rendered":"<p><em>Por ocasi\u00e3o do dia de ora\u00e7\u00e3o, de jejum e de invoca\u00e7\u00e3o pela humanidade em 14 de maio, apresentamos a ora\u00e7\u00e3o de Maria Voce, presidente do Movimento dos Focolares.<\/em>  Neste tempo de prova\u00e7\u00e3o, de solid\u00e3o, de ang\u00fastia e de apreens\u00e3o, sentimos a necessidade de redescobrir o sentido da vida e da morte, daquilo que n\u00e3o passa e permanece para sempre. Nossos cora\u00e7\u00f5es, purificados pela dor e desarmados, se unem para implorar a Ti, o Todo-Poderoso, o Clemente, o Misericordioso, Pai de todos n\u00f3s.  Fortalece em n\u00f3s a f\u00e9 de que tudo que tu permites \u00e9 para um bem maior, e nada do que acontece escapa da Tua infinita bondade.  Ajuda-nos a continuar a viagem da vida com confian\u00e7a e esperan\u00e7a renovadas, enraizados na Tua vontade divina de cada momento presente.  Conforta aqueles que est\u00e3o no sofrimento pelas perdas de parentes e amigos; doa for\u00e7a para seguir em frente e paci\u00eancia nas adversidades.  Faz com que, diante da ang\u00fastia pelo futuro, da perda de trabalho, das consequ\u00eancias econ\u00f4micas e sociais que a pandemia traz, consigamos descobrir nelas, ocasi\u00f5es para viver a solidariedade e nutrir a justi\u00e7a.  Forja cada vez mais em n\u00f3s uma alma capaz de amor concreto, para compartilharmos a dor daqueles que choram e nos regozijarmos com os que est\u00e3o alegres. D\u00e1-nos considerar o outro como a n\u00f3s mesmos e desejar para ele o que desejamos para n\u00f3s mesmos.  Faz com que experimentemos, Deus Alt\u00edssimo e Todo-Poderoso, que quanto mais amamos o irm\u00e3o, esquecidos de n\u00f3s, mais a dor se dissipa e permanece no cora\u00e7\u00e3o a do\u00e7ura inef\u00e1vel e tang\u00edvel da Tua presen\u00e7a.  D\u00e1 vigor, sa\u00fade, prote\u00e7\u00e3o e sabedoria a m\u00e9dicos, enfermeiros, profissionais da sa\u00fade e a todos aqueles que se dedicam inteiramente em prol dos irm\u00e3os doentes e necessitados, para que possam ser Teus instrumentos ao acompanhar as pessoas confiadas aos seus cuidados.  \u00d3 Deus, Luz do mundo, faz com que os cientistas sejam iluminados pela Tua Sabedoria e coloquem \u00e0 disposi\u00e7\u00e3o os pr\u00f3prios conhecimentos para o bem de toda a humanidade.  Apoia os l\u00edderes das na\u00e7\u00f5es e todos aqueles que decidem o destino dos povos, para que saibam como tomar decis\u00f5es de longa vis\u00e3o e encontrar solu\u00e7\u00f5es sociais e econ\u00f4micas em favor dos mais fracos. Toca nas suas consci\u00eancias, para que encontrem todos os meios para prevenir os conflitos e promover a paz. Faz com que cada um se sinta respons\u00e1vel n\u00e3o apenas pelo seu pr\u00f3prio povo, mas por toda a humanidade.  Que Maria, amada e venerada por muitos, nos ajude a permanecer firmes na f\u00e9 e a levar consola\u00e7\u00e3o e esperan\u00e7a a todos.  Am\u00e9m.  <a href=\"https:\/\/www.focolare.org\/wp-content\/uploads\/2020\/05\/Preghiera-di-Maria-Voce-per-14.05.2020_PT.pdf\" target=\"_blank\" rel=\"noopener noreferrer\">Descarregar a ora\u00e7\u00e3o<\/a><\/p>\n","protected":false},"excerpt":{"rendered":"<p>Por ocasi\u00e3o do dia de ora\u00e7\u00e3o, de jejum e de invoca\u00e7\u00e3o pela humanidade em 14 de maio, apresentamos a ora\u00e7\u00e3o de Maria Voce, presidente do Movimento dos Focolares.<\/p>\n","protected":false},"author":33,"featured_media":0,"comment_status":"open","ping_status":"open","sticky":false,"template":"","format":"standard","meta":{"give_campaign_id":0,"_seopress_robots_primary_cat":"","_seopress_titles_title":"","_seopress_titles_desc":"","_seopress_robots_index":"","_et_pb_use_builder":"","_et_pb_old_content":"","_et_gb_content_width":"","footnotes":""},"categories":[129],"tags":[],"class_list":["post-317624","post","type-post","status-publish","format-standard","hentry","category-sem-categoria"],"_links":{"self":[{"href":"https:\/\/www.focolare.org\/pt-pt\/wp-json\/wp\/v2\/posts\/317624","targetHints":{"allow":["GET"]}}],"collection":[{"href":"https:\/\/www.focolare.org\/pt-pt\/wp-json\/wp\/v2\/posts"}],"about":[{"href":"https:\/\/www.focolare.org\/pt-pt\/wp-json\/wp\/v2\/types\/post"}],"author":[{"embeddable":true,"href":"https:\/\/www.focolare.org\/pt-pt\/wp-json\/wp\/v2\/users\/33"}],"replies":[{"embeddable":true,"href":"https:\/\/www.focolare.org\/pt-pt\/wp-json\/wp\/v2\/comments?post=317624"}],"version-history":[{"count":0,"href":"https:\/\/www.focolare.org\/pt-pt\/wp-json\/wp\/v2\/posts\/317624\/revisions"}],"wp:attachment":[{"href":"https:\/\/www.focolare.org\/pt-pt\/wp-json\/wp\/v2\/media?parent=317624"}],"wp:term":[{"taxonomy":"category","embeddable":true,"href":"https:\/\/www.focolare.org\/pt-pt\/wp-json\/wp\/v2\/categories?post=317624"},{"taxonomy":"post_tag","embeddable":true,"href":"https:\/\/www.focolare.org\/pt-pt\/wp-json\/wp\/v2\/tags?post=317624"}],"curies":[{"name":"wp","href":"https:\/\/api.w.org\/{rel}","templated":true}]}}