{"id":317630,"date":"2020-05-20T01:00:43","date_gmt":"2020-05-19T23:00:43","guid":{"rendered":"https:\/\/www.focolare.org\/evangelho-vivido-nossa-contribuicao-para-a-paz\/"},"modified":"2024-05-15T21:10:48","modified_gmt":"2024-05-15T19:10:48","slug":"evangelho-vivido-nossa-contribuicao-para-a-paz","status":"publish","type":"post","link":"https:\/\/www.focolare.org\/pt-pt\/evangelho-vivido-nossa-contribuicao-para-a-paz\/","title":{"rendered":"Evangelho vivido: nossa contribui\u00e7\u00e3o para a paz"},"content":{"rendered":"<p><em>Viver a palavra nos faz sair de n\u00f3s mesmos para encontrar os irm\u00e3os com amor, come\u00e7ando daqueles que est\u00e3o mais perto: na nossa cidade, na fam\u00edlia, em cada ambiente da vida. \u00c9 uma amizade que forma redes de relacionamentos positivos, mirando a realiza\u00e7\u00e3o do mandamento do amor rec\u00edproco que constr\u00f3i a fraternidade.<\/em>  <strong>Procurar as palavras certas<\/strong> Meus filhos de sete e cinco anos estavam brincando sem se preocupar com nada. N\u00e3o os alcancei a tempo e, depois da explos\u00e3o da granada, os dois estavam ensanguentados no ch\u00e3o. N\u00f3s os pegamos e corremos para o hospital. Dentro de mim, havia um turbilh\u00e3o de sentimentos: choque, medo, dor&#8230; mas tinha que me preocupar com as crian\u00e7as e transmitir paz a elas.  Meu filho tinha estilha\u00e7os na cabe\u00e7a e foi operado com urg\u00eancia. Minha filha n\u00e3o estava t\u00e3o grave. \u00c0 noite, fiquei plantada ao lado da cama deles. \u00c0s vezes, se lamentavam em meio aos pesadelos: \u201cPor que fizeram isso?\u201d. Eu procurava as palavras certas para fazer com que entendessem que quem havia disparado com certeza tinha sofrido muito, talvez n\u00e3o tivesse pais, talvez s\u00f3 quisesse destruir os canh\u00f5es que estavam do nosso lado&#8230; Quando as crian\u00e7as dormiram, comecei a rezar, a confi\u00e1-las a Deus e pedir que n\u00e3o guardassem o \u00f3dio dentro de si. Hoje, ap\u00f3s dez anos, meu filho considera aquele epis\u00f3dio doloroso um incentivo para dar a sua contribui\u00e7\u00e3o para a paz no mundo. (R. S. \u2013 L\u00edbano)  <strong>Mudan\u00e7a de apartamento<\/strong> Quando pedimos permiss\u00e3o \u00e0 propriet\u00e1ria do apartamento que alug\u00e1vamos para fazer uma reforma, ela n\u00e3o nos disse que tinha a inten\u00e7\u00e3o de vend\u00ea-lo. \u00c9 claro que depois de terminar todo o trabalho e saber a decis\u00e3o dela, ficamos mal e nos sentimos tra\u00eddos. Al\u00e9m disso, o novo propriet\u00e1rio pediu um pre\u00e7o alt\u00edssimo caso quis\u00e9ssemos continuar ali. Ent\u00e3o, de um dia para o outro, est\u00e1vamos na rua. Mas confiamos na provid\u00eancia, com a certeza de que Deus n\u00e3o nos abandonaria. De fato, n\u00e3o muito tempo depois, apareceu uma proposta que atendia ainda melhor as exig\u00eancias da nossa fam\u00edlia. No entanto, o mais importante foi manter com a ex-propriet\u00e1ria da casa um relacionamento cordial e n\u00e3o de rivalidade. Apesar de n\u00e3o ter expressamente declarado, ela demonstrou que estava arrependida. A amizade cobriu toda a tens\u00e3o. (E.V. \u2013 Turquia)  <strong>Bagun\u00e7a<\/strong> Fa\u00e7o faculdade de psicologia e vivo com outros colegas em uma moradia estudantil, onde usufru\u00edmos de uma cozinha comum quando n\u00e3o comemos na faculdade. Um de n\u00f3s, al\u00e9m de ser bagunceiro, costuma deixar a cozinha suja depois de usar. Esta manh\u00e3, passei na cozinha para preparar um caf\u00e9 e encontrei tudo bagun\u00e7ado porque ele havia recebido visita e deixado as coisas como estavam. N\u00e3o fui o \u00fanico a notar aquele caos; algu\u00e9m, indignado, sugeriu que n\u00e3o toc\u00e1ssemos em nada at\u00e9 que o culpado percebesse. Um tempo depois, no meu quarto, quando estava me preparando para estudar, n\u00e3o me sentia em paz; meu pensamento sempre voltava \u00e0 cozinha desorganizada&#8230; O que fazer? Dar uma li\u00e7\u00e3o ao colega ou fazer um gesto de caridade?  Sem hesitar, voltei \u00e0 cozinha e comecei a lavar a lou\u00e7a; depois levei o lixo para fora&#8230; Quando voltei ao quarto, parecia que eu conseguia entender melhor o que estava lendo. A vida com os outros \u00e9 uma forma de educa\u00e7\u00e3o que completa as aulas a que assisto na universidade. (G. T. \u2013 Fran\u00e7a) <\/p>\n<p style=\"text-align: right;\"><em>por Stefania Tanesini<\/em><\/p>\n<p style=\"text-align: left;\"><em>(tirado de Il Vangelo del Giorno (O Evangelho do Dia), Citt\u00e0 Nuova, ano VI, n\u00b0.3, abril-maio 2020)<\/em><\/p>\n","protected":false},"excerpt":{"rendered":"<p>Viver a palavra nos faz sair de n\u00f3s mesmos para encontrar os irm\u00e3os com amor, come\u00e7ando daqueles que est\u00e3o mais perto: na nossa cidade, na fam\u00edlia, em cada ambiente da vida. \u00c9 uma amizade que forma redes de relacionamentos positivos, mirando a realiza\u00e7\u00e3o do mandamento do amor rec\u00edproco que constr\u00f3i a fraternidade.<\/p>\n","protected":false},"author":33,"featured_media":0,"comment_status":"open","ping_status":"open","sticky":false,"template":"","format":"standard","meta":{"give_campaign_id":0,"_seopress_robots_primary_cat":"","_seopress_titles_title":"","_seopress_titles_desc":"","_seopress_robots_index":"","_et_pb_use_builder":"","_et_pb_old_content":"","_et_gb_content_width":"","footnotes":""},"categories":[129],"tags":[],"class_list":["post-317630","post","type-post","status-publish","format-standard","hentry","category-sem-categoria"],"_links":{"self":[{"href":"https:\/\/www.focolare.org\/pt-pt\/wp-json\/wp\/v2\/posts\/317630","targetHints":{"allow":["GET"]}}],"collection":[{"href":"https:\/\/www.focolare.org\/pt-pt\/wp-json\/wp\/v2\/posts"}],"about":[{"href":"https:\/\/www.focolare.org\/pt-pt\/wp-json\/wp\/v2\/types\/post"}],"author":[{"embeddable":true,"href":"https:\/\/www.focolare.org\/pt-pt\/wp-json\/wp\/v2\/users\/33"}],"replies":[{"embeddable":true,"href":"https:\/\/www.focolare.org\/pt-pt\/wp-json\/wp\/v2\/comments?post=317630"}],"version-history":[{"count":0,"href":"https:\/\/www.focolare.org\/pt-pt\/wp-json\/wp\/v2\/posts\/317630\/revisions"}],"wp:attachment":[{"href":"https:\/\/www.focolare.org\/pt-pt\/wp-json\/wp\/v2\/media?parent=317630"}],"wp:term":[{"taxonomy":"category","embeddable":true,"href":"https:\/\/www.focolare.org\/pt-pt\/wp-json\/wp\/v2\/categories?post=317630"},{"taxonomy":"post_tag","embeddable":true,"href":"https:\/\/www.focolare.org\/pt-pt\/wp-json\/wp\/v2\/tags?post=317630"}],"curies":[{"name":"wp","href":"https:\/\/api.w.org\/{rel}","templated":true}]}}