{"id":317634,"date":"2020-05-24T06:00:04","date_gmt":"2020-05-24T04:00:04","guid":{"rendered":"https:\/\/www.focolare.org\/semana-laudato-si-pelos-cinco-anos-da-enciclica-do-papa\/"},"modified":"2024-05-15T21:10:49","modified_gmt":"2024-05-15T19:10:49","slug":"semana-laudato-si-pelos-cinco-anos-da-enciclica-do-papa","status":"publish","type":"post","link":"https:\/\/www.focolare.org\/pt-pt\/semana-laudato-si-pelos-cinco-anos-da-enciclica-do-papa\/","title":{"rendered":"Semana Laudato Si\u2019 pelos cinco anos da enc\u00edclica do Papa"},"content":{"rendered":"<p><em>Uma iniciativa global que envolveu milhares de fi\u00e9is por meio de semin\u00e1rios interativos e de forma\u00e7\u00e3o sobre o cuidado da casa comum. Anunciada pelo Papa, foi organizada pelo Dicast\u00e9rio para o Servi\u00e7o do Desenvolvimento Humano Integral com o apoio de grupos cat\u00f3licos.<\/em>  De 16 a 24 de maio ocorreu a <strong>Semana Laudato Si\u2019<\/strong> com o t\u00edtulo <em>\u201cTudo est\u00e1 conectado\u201d<\/em>, uma iniciativa global pelo quinto anivers\u00e1rio da enc\u00edclica do <strong>Papa Francisco<\/strong> sobre o cuidado da casa comum.  O evento contou com a participa\u00e7\u00e3o de comunidades cat\u00f3licas do mundo inteiro, envolvendo dioceses, par\u00f3quias, movimentos e associa\u00e7\u00f5es, escolas e institui\u00e7\u00f5es para aprofundar o pr\u00f3prio empenho em salvaguardar a Cria\u00e7\u00e3o e promover uma ecologia integral.  A semana muito desejada pelo Papa foi organizada pelo Dicast\u00e9rio para o Servi\u00e7o do Desenvolvimento Humano Integral com o apoio de v\u00e1rios parceiros cat\u00f3licos entre os quais o <strong>Global Catholic Climate Movement<\/strong> (Movimento Cat\u00f3lico Global para o Clima) que engloba mais de 900 organiza\u00e7\u00f5es cat\u00f3licas mundiais entre os quais o Movimento dos Focolares.  No decorrer da semana, foram v\u00e1rias as iniciativas online seguindo as linhas indicadas pelo Laudato S\u00ec. Devido \u00e0 pandemia do corona v\u00edrus, o evento ocorreu totalmente online por meio de semin\u00e1rios interativos e de forma\u00e7\u00e3o.  No domingo, 24 de maio, o evento foi conclu\u00eddo com um dia mundial de ora\u00e7\u00e3o \u00e0s 12h (hora local de cada fuso-hor\u00e1rio), e cada um p\u00f4de rezar pela Terra com esta <a href=\"https:\/\/laudatosiweek.org\/wp-content\/uploads\/2020\/05\/PRAYER-CARD-DISCATERIO_IT-1.png\">ora\u00e7\u00e3o.<\/a>  Em mar\u00e7o, o Papa enviou um<a href=\"https:\/\/laudatosiweek.org\/pt\/home-pt\/\" target=\"_blank\" rel=\"noopener noreferrer\"><strong> video<\/strong><\/a> no qual encorajava os fi\u00e9is a participar para proteger nossa casa comum. Juntos, por meio de a\u00e7\u00f5es e da f\u00e9, podemos resolver a crise ecol\u00f3gica. \u201cQue tipo de mundo queremos deixar para aqueles que vir\u00e3o depois de n\u00f3s, para as crian\u00e7as que est\u00e3o crescendo?\u201d, diz o Papa. \u201cRenovo meu apelo urgente a responder \u00e0 crise ecol\u00f3gica. O grito da terra e o grito dos pobres n\u00e3o podem mais esperar. Cuidemos da cria\u00e7\u00e3o, dom do nosso bom Deus-Criador.\u201d  <img alt=\"\" alt=\"\" loading=\"lazy\" decoding=\"async\" class=\"aligncenter size-full wp-image-224531\" src=\"https:\/\/www.focolare.org\/wp-content\/uploads\/2020\/05\/LSW-English.png\" alt=\"\" width=\"744\" height=\"244\" \/>Nesses cinco anos, a enc\u00edclica do Papa tocou a consci\u00eancia de muitos cidad\u00e3os. Nasceram v\u00e1rias comunidades com o objetivo de fazer algo pelo meio ambiente, impulsionados pelas palavras do Papa sobre uma vis\u00e3o ecol\u00f3gica mais atenta para a Casa Comum. E depois de cinco anos, essas palavras ressoam muito atuais neste mundo que sofre com a pandemia do Covid-19.  O Dicast\u00e9rio para o Servi\u00e7o do Desenvolvimento Humano Integral tamb\u00e9m evidencia como os ensinamentos da Enc\u00edclica s\u00e3o particularmente relevantes no contexto atual do corona v\u00edrus que parou muitas partes do mundo. \u201cA pandemia atingiu todos e nos ensina como somente com o empenho de todos podemos nos reerguer e derrotar tamb\u00e9m o v\u00edrus do ego\u00edsmo social com os anticorpos da justi\u00e7a, caridade e solidariedade\u201d, destaca <strong>dom Francesco Soddu, diretor da Caritas Italiana<\/strong>, \u201cpara ser construtores de um mundo mais justo e sustent\u00e1vel, de um desenvolvimento humano integral que n\u00e3o deixe ningu\u00e9m para tr\u00e1s\u201d.  Nessa semana n\u00e3o se falou apenas de ecologia. Os organizadores se perguntaram: mas quanto pesa a economia em se tratando de salvaguardar a Cria\u00e7\u00e3o? Quinta, 21 de maio, houve um encontro online com a economista inglesa <strong>Kate Raworth<\/strong>, da Universidade de Oxford e da Universidade de Cambridge, uma das economistas mais influentes a n\u00edvel internacional. Esse encontro tamb\u00e9m faz parte do percurso de prepara\u00e7\u00e3o e forma\u00e7\u00e3o para \u201c<strong>The Economy of Francesco<\/strong>\u201d, o evento pensado pelo Papa que ocorrer\u00e1 em novembro em Assis, para o qual j\u00e1 se inscreveram 3000 jovens empreendedores de todo o mundo.  Tratando-se de salvaguardar a Cria\u00e7\u00e3o, \u201ca economia pesa pelo menos 50% se considerarmos a economia individual, a economia das empresas e dos Estados e os efeitos que tudo isso produz na degrada\u00e7\u00e3o do planeta\u201d, afirma o <strong>economista Luigino Bruni<\/strong><strong>. \u201cAl\u00e9m disso tem a pol\u00edtica, nossos estilos de vida, etc&#8230; (&#8230;) Se olharmos tamb\u00e9m para os fracassos desses dez anos, o aquecimento global, por exemplo, percebemos que a economia capitalista realmente teve um grande peso. Portanto, se quisermos mudar, precisamos mudar a economia.\u201d<\/strong>  Viver o Laudato S\u00ec, portanto, quer dizer testemunhar nossa sensibilidade para o tema de salvaguardar a Cria\u00e7\u00e3o, mas tamb\u00e9m no \u00e2mbito econ\u00f4mico com as nossas escolhas de vida. Podemos contribuir em realizar uma profunda convers\u00e3o econ\u00f4mica e ecol\u00f3gica por meio de experi\u00eancias concretas. Al\u00e9m disso, devemos entender qual mudan\u00e7a pol\u00edtica promover para escutar realmente o grito da terra e dos pobres. <\/p>\n<p style=\"text-align: right;\"><em>Lorenzo Russo<\/em><\/p>\n","protected":false},"excerpt":{"rendered":"<p>Uma iniciativa global que envolveu milhares de fi\u00e9is por meio de semin\u00e1rios interativos e de forma\u00e7\u00e3o sobre o cuidado da casa comum. Anunciada pelo Papa, foi organizada pelo Dicast\u00e9rio para o Servi\u00e7o do Desenvolvimento Humano Integral com o apoio de grupos cat\u00f3licos.<\/p>\n","protected":false},"author":31,"featured_media":0,"comment_status":"open","ping_status":"open","sticky":false,"template":"","format":"standard","meta":{"give_campaign_id":0,"_seopress_robots_primary_cat":"","_seopress_titles_title":"","_seopress_titles_desc":"","_seopress_robots_index":"","_et_pb_use_builder":"","_et_pb_old_content":"","_et_gb_content_width":"","footnotes":""},"categories":[129],"tags":[],"class_list":["post-317634","post","type-post","status-publish","format-standard","hentry","category-sem-categoria"],"_links":{"self":[{"href":"https:\/\/www.focolare.org\/pt-pt\/wp-json\/wp\/v2\/posts\/317634","targetHints":{"allow":["GET"]}}],"collection":[{"href":"https:\/\/www.focolare.org\/pt-pt\/wp-json\/wp\/v2\/posts"}],"about":[{"href":"https:\/\/www.focolare.org\/pt-pt\/wp-json\/wp\/v2\/types\/post"}],"author":[{"embeddable":true,"href":"https:\/\/www.focolare.org\/pt-pt\/wp-json\/wp\/v2\/users\/31"}],"replies":[{"embeddable":true,"href":"https:\/\/www.focolare.org\/pt-pt\/wp-json\/wp\/v2\/comments?post=317634"}],"version-history":[{"count":0,"href":"https:\/\/www.focolare.org\/pt-pt\/wp-json\/wp\/v2\/posts\/317634\/revisions"}],"wp:attachment":[{"href":"https:\/\/www.focolare.org\/pt-pt\/wp-json\/wp\/v2\/media?parent=317634"}],"wp:term":[{"taxonomy":"category","embeddable":true,"href":"https:\/\/www.focolare.org\/pt-pt\/wp-json\/wp\/v2\/categories?post=317634"},{"taxonomy":"post_tag","embeddable":true,"href":"https:\/\/www.focolare.org\/pt-pt\/wp-json\/wp\/v2\/tags?post=317634"}],"curies":[{"name":"wp","href":"https:\/\/api.w.org\/{rel}","templated":true}]}}