{"id":317694,"date":"2020-07-03T01:00:05","date_gmt":"2020-07-02T23:00:05","guid":{"rendered":"https:\/\/www.focolare.org\/peru-nada-foge-do-olhar-de-deus\/"},"modified":"2024-05-15T21:10:59","modified_gmt":"2024-05-15T19:10:59","slug":"peru-nada-foge-do-olhar-de-deus","status":"publish","type":"post","link":"https:\/\/www.focolare.org\/pt-pt\/peru-nada-foge-do-olhar-de-deus\/","title":{"rendered":"Peru &#8211; Nada foge do olhar de Deus"},"content":{"rendered":"<p><em>A hist\u00f3ria de Of\u00e9lia, emigrada com a fam\u00edlia da Venezuela ao Peru, e hoje comprometida, com a comunidade dos Focolares, a ajudar seus conacionais em dificuldade, agravada com a pandemia.<\/em>  No contexto da campanha solid\u00e1ria que n\u00f3s, do Movimento dos Focolares, estamos desenvolvendo com os imigrantes venezuelanos no Peru, neste per\u00edodo devemos encontrar novas estrat\u00e9gias para conseguir visit\u00e1-los em suas casas.  <img alt=\"\" alt=\"\" loading=\"lazy\" decoding=\"async\" class=\"size-medium wp-image-225114 alignleft\" src=\"https:\/\/www.focolare.org\/wp-content\/uploads\/2020\/06\/Peru3-255x340.jpeg\" alt=\"\" width=\"255\" height=\"340\" \/>Constatamos que o que mais necessitam \u00e9 de escuta. \u00c0s vezes n\u00e3o \u00e9 f\u00e1cil, porque n\u00e3o se trata de uma ou duas fam\u00edlias, mas de muitas, e aumentam a cada dia. A Palavra de Vida do m\u00eas de me ajuda, porque me leva a ir ao encontro do irm\u00e3o lembrando que em cada um eu encontro o pr\u00f3prio Jesus.  Uma manh\u00e3 recebi a chamada de uma senhora venezuelana que me contou a situa\u00e7\u00e3o da sua filha. Devia dar \u00e0 luz nos pr\u00f3ximos dias, mas estava sendo despejada. A escutei por uma hora, at\u00e9 que se acalmasse. Queria dizer alguma coisa, mas pensei: \u201cdevo somente am\u00e1-la, ela precisa desabafar\u201d. No final ela me disse: \u201cBem, eu me aliviei\u201d. Naquele momento pude orient\u00e1-la sobre onde encontrar a ajuda que precisava.  Eu pensava que durante a quarentena o nosso trabalho pelos imigrantes teria parado, mas foi exatamente o oposto. Por exemplo, o trabalho que fazemos com a CIREMI (Comiss\u00e3o Inter-religiosa para os Migrantes e Refugiados) nos envolve bastante, e esta foi a ocasi\u00e3o para nos conhecermos melhor. Dessa comiss\u00e3o fazem parte alguns religiosos Scalabrinianos, crist\u00e3os de v\u00e1rias denomina\u00e7\u00f5es, a Comunidade Hebraica, alguns mu\u00e7ulmanos, uma religiosa cat\u00f3lica e n\u00f3s, dos Focolares.  <img alt=\"\" alt=\"\" loading=\"lazy\" decoding=\"async\" class=\"size-medium wp-image-225115 alignright\" src=\"https:\/\/www.focolare.org\/wp-content\/uploads\/2020\/06\/Peru1-255x340.jpg\" alt=\"\" width=\"255\" height=\"340\" \/>N\u00f3s est\u00e1vamos nos perguntando como chegar aos mais vulner\u00e1veis quando come\u00e7aram a chegar pedidos de roupas e cobertores. N\u00e3o podendo sair, mandamos com um t\u00e1xi, at\u00e9 um ponto da cidade onde pudessem receb\u00ea-las, as roupas doadas pela comunidade dos Focolare de Lima. E no momento certo chegaram tamb\u00e9m roupas de beb\u00ea para duas fam\u00edlias com crian\u00e7as rec\u00e9m-nascidas. Com os cobertores enviados pela ACNUR (Ag\u00eancia das Na\u00e7\u00f5es Unidas para os Refugiados), entidade com a qual temos uma estreita colabora\u00e7\u00e3o, conseguimos cobrir outras necessidades. \u00c9 surpreendente ver como chega aquilo que as pessoas pedem: nada foge do olhar de Deus!  Um dia me telefonou Carolina, dirigente da Comunidade Hebraica, e me disse que algumas fam\u00edlias judias estavam partindo para Israel e deixavam roupas e outros objetos. Quando ela soube que o nosso Centro repassa esses objetos para os venezuelanos ficou feliz, porque n\u00e3o sabia a quem dar aquilo que tinha guardado. E n\u00e3o s\u00f3: ela mesma quis pagar o t\u00e1xi para nos mandar tudo.  Durante o nosso telefonema sentia que devia me interessar por ela, perguntar sobre suas filhas g\u00eameas, e tivemos uma conversa que me fez recordar um par\u00e1grafo da Palavra de Vida: <em>\u201c\u00c9 uma amizade que se torna uma rede de rela\u00e7\u00f5es positivas e que tendem a fazer com que se torne realidade o mandamento do amor rec\u00edproco, que constr\u00f3i a fraternidade\u201d<\/em>. Na partilha com essa irm\u00e3 judia eu percebia que isso se realizava entre n\u00f3s.  \u00c9 maravilhoso ver que a fraternidade \u00e9 contagiosa, porque as pessoas \u00e0s quais mandamos as roupas e cobertores nos enviam fotos e escrevem: <em>\u201cA minha vizinha precisava de roupas e eu dividi com ela parte do que voc\u00eas me mandaram\u201d<\/em>. Assim se cria uma corrente que pensa na necessidade do outro e desse modo a fraternidade avan\u00e7a, inclusive durante a quarentena. <\/p>\n<p style=\"text-align: right;\"><em>De Of\u00e9lia, recolhido por Gustavo Clari\u00e1<\/em><\/p>\n","protected":false},"excerpt":{"rendered":"<p>A hist\u00f3ria de Of\u00e9lia, emigrada com a fam\u00edlia da Venezuela ao Peru, e hoje comprometida, com a comunidade dos Focolares, a ajudar seus conacionais em dificuldade, agravada com a pandemia.<\/p>\n","protected":false},"author":33,"featured_media":0,"comment_status":"open","ping_status":"open","sticky":false,"template":"","format":"standard","meta":{"give_campaign_id":0,"_seopress_robots_primary_cat":"","_seopress_titles_title":"","_seopress_titles_desc":"","_seopress_robots_index":"","_et_pb_use_builder":"","_et_pb_old_content":"","_et_gb_content_width":"","footnotes":""},"categories":[129],"tags":[],"class_list":["post-317694","post","type-post","status-publish","format-standard","hentry","category-sem-categoria"],"_links":{"self":[{"href":"https:\/\/www.focolare.org\/pt-pt\/wp-json\/wp\/v2\/posts\/317694","targetHints":{"allow":["GET"]}}],"collection":[{"href":"https:\/\/www.focolare.org\/pt-pt\/wp-json\/wp\/v2\/posts"}],"about":[{"href":"https:\/\/www.focolare.org\/pt-pt\/wp-json\/wp\/v2\/types\/post"}],"author":[{"embeddable":true,"href":"https:\/\/www.focolare.org\/pt-pt\/wp-json\/wp\/v2\/users\/33"}],"replies":[{"embeddable":true,"href":"https:\/\/www.focolare.org\/pt-pt\/wp-json\/wp\/v2\/comments?post=317694"}],"version-history":[{"count":0,"href":"https:\/\/www.focolare.org\/pt-pt\/wp-json\/wp\/v2\/posts\/317694\/revisions"}],"wp:attachment":[{"href":"https:\/\/www.focolare.org\/pt-pt\/wp-json\/wp\/v2\/media?parent=317694"}],"wp:term":[{"taxonomy":"category","embeddable":true,"href":"https:\/\/www.focolare.org\/pt-pt\/wp-json\/wp\/v2\/categories?post=317694"},{"taxonomy":"post_tag","embeddable":true,"href":"https:\/\/www.focolare.org\/pt-pt\/wp-json\/wp\/v2\/tags?post=317694"}],"curies":[{"name":"wp","href":"https:\/\/api.w.org\/{rel}","templated":true}]}}