{"id":317704,"date":"2020-07-09T01:00:54","date_gmt":"2020-07-08T23:00:54","guid":{"rendered":"https:\/\/www.focolare.org\/brasil-em-acao-pelas-periferias-esquecidas\/"},"modified":"2024-05-15T21:11:00","modified_gmt":"2024-05-15T19:11:00","slug":"brasil-em-acao-pelas-periferias-esquecidas","status":"publish","type":"post","link":"https:\/\/www.focolare.org\/pt-pt\/brasil-em-acao-pelas-periferias-esquecidas\/","title":{"rendered":"Brasil &#8211; em a\u00e7\u00e3o pelas periferias esquecidas"},"content":{"rendered":"<p style=\"text-align: left;\"><em>As organiza\u00e7\u00f5es sociais dos Focolares atendem mais de 3.500 fam\u00edlias e criam redes de solidariedade durante a pandemia<\/em><\/p>\n<p> Distribu\u00eddas em todo o territ\u00f3rio nacional, as vinte e uma organiza\u00e7\u00f5es sociais inspiradas no carisma do Movimento dos Focolares est\u00e3o dando um importante testemunho de solidariedade e de fraternidade em tempos de pandemia.  <div id=\"attachment_225245\" style=\"width: 289px\" class=\"wp-caption alignleft\"><img alt=\"\" alt=\"\" loading=\"lazy\" decoding=\"async\" aria-describedby=\"caption-attachment-225245\" class=\"wp-image-225245\" src=\"https:\/\/www.focolare.org\/wp-content\/uploads\/2020\/07\/lumen2-453x340.jpeg\" alt=\"\" width=\"279\" height=\"209\" \/><p id=\"caption-attachment-225245\" class=\"wp-caption-text\">Foto: Obra Lumen<\/p><\/div>  O relacionamento estabelecido com as fam\u00edlias em vulnerabilidade social durante anos permitiu que essas organiza\u00e7\u00f5es tivessem conhecimento dos muitos desafios enfrentados neste per\u00edodo t\u00e3o dif\u00edcil. E a lista \u00e9 extensa.  As comunidades relatam o medo de se expor ao v\u00edrus; a situa\u00e7\u00e3o de suas casas pequenas e muitas vezes insalubres, onde praticar o isolamento social \u00e9 quase imposs\u00edvel; dificuldade em receber o aux\u00edlio do governo; hospitais p\u00fablicos lotados; transportes p\u00fablicos lotados; al\u00e9m das enormes taxas de desemprego que, de acordo com um estudo publicado pelo jornal Nexo, nas favelas, em 7 de cada 10 fam\u00edlias existem pessoas que ficaram desempregadas durante a pandemia.  Por tudo isso, sabemos que a pandemia n\u00e3o \u00e9 democr\u00e1tica.  \u201cMesmo em meio \u00e0s dificuldades, temos o desejo de continuar agora com maior vigor a \u2018dar a vida\u2019 pela nossa gente. Por isso, as organiza\u00e7\u00f5es sociais continuam a atender de uma nova forma nas comunidades onde est\u00e3o inseridas. N\u00e3o h\u00e1 atividades presenciais, mas o trabalho incessante continua\u201d, destaca Virg\u00ednia Tesini, respons\u00e1vel nacional pelas obras[1] sociais do Movimento dos Focolares.  <div id=\"attachment_225244\" style=\"width: 343px\" class=\"wp-caption alignright\"><img alt=\"\" alt=\"\" loading=\"lazy\" decoding=\"async\" aria-describedby=\"caption-attachment-225244\" class=\"wp-image-225244\" src=\"https:\/\/www.focolare.org\/wp-content\/uploads\/2020\/07\/IMU-453x340.jpeg\" alt=\"\" width=\"333\" height=\"250\" \/><p id=\"caption-attachment-225244\" class=\"wp-caption-text\">Foto: Instituto Mundo Unido<\/p><\/div>  Todas as organiza\u00e7\u00f5es realizaram a\u00e7\u00f5es solid\u00e1rias nesse per\u00edodo. E gostar\u00edamos de compartilhar com voc\u00eas alguns n\u00fameros dessa rede de generosidade, gra\u00e7as ao contributo de muitos membros e amigos do Movimento dos Focolares e dessas organiza\u00e7\u00f5es.  A criatividade \u00e9 grande e at\u00e9 mesmo cestas b\u00e1sicas com alimentos t\u00edpicos de festas juninas est\u00e3o sendo entregues refor\u00e7ando tamb\u00e9m a nossa cultura.  \u201cAl\u00e9m disso, diversas das nossas organiza\u00e7\u00f5es fizeram \u201clives\u201d para recolher arrecada\u00e7\u00f5es, gincanas solid\u00e1rias, doa\u00e7\u00e3o de obras de arte de artistas com venda pelas redes sociais e doa\u00e7\u00e3o dos valores para a organiza\u00e7\u00e3o, atendimento virtual com equipe de profissionais para pessoas que sofrem de depress\u00e3o e ansiedade, cursos, a\u00e7\u00f5es de preven\u00e7\u00e3o ao coronav\u00edrus e, inclusive, gera\u00e7\u00e3o de emprego e renda com a confec\u00e7\u00e3o de m\u00e1scaras, para citar apenas algumas iniciativas\u201d, completou Tesini.  Diante de realidades t\u00e3o desafiadoras e respostas t\u00e3o imediatas e humanas, n\u00e3o nos resta sen\u00e3o concordar com o <a href=\"http:\/\/www.vatican.va\/content\/francesco\/pt\/letters\/2020\/documents\/papa-francesco_20200412_lettera-movimentipopolari.html\" target=\"_blank\" rel=\"noopener noreferrer\">Papa Francisco em sua carta aos movimentos populares, da qual reproduzimos um trecho abaixo:<\/a>  \u201cSe a luta contra o COVID-19 \u00e9 uma guerra, voc\u00eas s\u00e3o um verdadeiro ex\u00e9rcito invis\u00edvel que luta nas trincheiras mais perigosas. Um ex\u00e9rcito sem outra arma sen\u00e3o a solidariedade, a esperan\u00e7a e o sentido da comunidade que reverdecem nos dias de hoje em que ningu\u00e9m se salva sozinho. Voc\u00eas s\u00e3o para mim, como lhes disse em nossas reuni\u00f5es, verdadeiros poetas sociais, que desde as periferias esquecidas criam solu\u00e7\u00f5es dignas para os problemas mais prementes dos exclu\u00eddos.\u201d  Confira algumas fotos das a\u00e7\u00f5es.  __________  Se voc\u00ea deseja contribuir, mesmo que \u00e0 dist\u00e2ncia com alguma a\u00e7\u00e3o de solidariedade das obras sociais do Movimento dos Focolares, confira a lista abaixo com seus pontos de comunica\u00e7\u00e3o.  <strong>Regi\u00e3o Sul<\/strong> Porto Alegre (RS) \u2013 AFASO-RS \u2013 Associa\u00e7\u00e3o de Fam\u00edlias em Solidariedade do Rio Grande do Sul. Florian\u00f3polis (SC) \u2013 IVG \u2013 Instituto Vilson Groh Curitiba (PR) \u2013 Anpecom (com atua\u00e7\u00e3o nacional) -&gt; campanha extraordin\u00e1ria Covid-19  <strong>Regi\u00e3o Sudeste<\/strong> Vargem Grande Paulista (SP) \u2013 Mari\u00e1polis Ginetta \u2013 SMF \u2013 Sociedade Movimento dos Focolari Itapetininga (SP) \u2013 ANSPAZ \u2013 Associa\u00e7\u00e3o Nossa Senhora Rainha da Paz (com atua\u00e7\u00e3o nacional) Guaratinguet\u00e1 (SP) \u2013 Fazenda da Esperan\u00e7a \u2013 Campanha emergencial para abrigar moradores de rua (organiza\u00e7\u00e3o com atua\u00e7\u00e3o internacional) S\u00e3o Jos\u00e9 do Rio Pardo (SP) \u2013 MAPEAR \u2013 Associa\u00e7\u00e3o Mobilizando Amigos pelo Amor Rio Grande da Serra (SP) \u2013 PROFAVI \u2013 Promo\u00e7\u00e3o a Favor da Vida S\u00e3o Paulo (SP) \u2013 AFAGO-SP -Associa\u00e7\u00e3o de apoio \u00e0 fam\u00edlia, ao grupo e \u00e0 comunidade \u2013 S\u00e3o Paulo Rio de Janeiro (RJ) \u2013 Grupo Pensar Rio de Janeiro (RJ) \u2013 CMSMA \u2013 Casa do menor S\u00e3o Miguel Arcanjo (com atua\u00e7\u00e3o internacional) Juiz de Fora (MG) \u2013 Casa Bethanea  <strong>Regi\u00e3o Centro-Oeste<\/strong> Bras\u00edlia (DF) \u2013 AFAGO-DF \u2013 Associa\u00e7\u00e3o de apoio \u00e0 fam\u00edlia, ao grupo e \u00e0 comunidade do Distrito Federal  <strong>Regi\u00e3o Nordeste<\/strong> Macei\u00f3 (AL) \u2013 IMU \u2013 Instituto Mundo Unido Recife (PE) \u2013 Escola Santa Maria Recife (PE) \u2013 AACA \u2013 Associa\u00e7\u00e3o de apoio \u00e0 crian\u00e7a e ao adolescente Recife (PE) \u2013 Comunidade Cat\u00f3lica Lumen Teresina (PI) \u2013 NAV \u2013 N\u00facleo de A\u00e7\u00e3o Volunt\u00e1ria Itapecuru-Mirim (MA) \u2013 SERCOM \u2013 Servi\u00e7o Comunit\u00e1rio \u2013 Projeto Magnificat  <strong>Regi\u00e3o Norte<\/strong> El\u00e9m (PA) \u2013 Mari\u00e1polis Gl\u00f3ria \u2013 NAC \u2013 N\u00facleo de A\u00e7\u00e3o Comunit\u00e1ria Manaus (AM) \u2013 ACACF \u2013 Associa\u00e7\u00e3o Comunit\u00e1ria de Apoio \u00e0 Crian\u00e7a e \u00e0 Fam\u00edlia \u2013 Projeto Roger Cunha Rodrigues  <em>Fonte:<\/em><a href=\"http:\/\/www.focolares.org.br\/2020\/06\/24\/organizacoes-sociais-dos-focolares-atendem-mais-de-3-500-familias-e-criam-redes-de-solidariedade-durante-pandemia\/\" target=\"_blank\" rel=\"noopener noreferrer\"> http:\/\/www.focolares.org.br<\/a>  [1] Aqui tamb\u00e9m colocaria organiza\u00e7\u00f5es sociais  <em>Se quiser dar a sua contribui\u00e7\u00e3o para ajudar aqueles que sofrem os efeitos da crise global da Covid, <a href=\"https:\/\/www.focolare.org\/pt\/covid\/\" target=\"_blank\" rel=\"noopener noreferrer\">v\u00e1 a este link<\/a><\/em><\/p>\n","protected":false},"excerpt":{"rendered":"<p>As organiza\u00e7\u00f5es sociais dos Focolares atendem mais de 3.500 fam\u00edlias e criam redes de solidariedade durante a pandemia<\/p>\n","protected":false},"author":33,"featured_media":0,"comment_status":"open","ping_status":"open","sticky":false,"template":"","format":"standard","meta":{"give_campaign_id":0,"_seopress_robots_primary_cat":"","_seopress_titles_title":"","_seopress_titles_desc":"","_seopress_robots_index":"","_et_pb_use_builder":"","_et_pb_old_content":"","_et_gb_content_width":"","footnotes":""},"categories":[129],"tags":[],"class_list":["post-317704","post","type-post","status-publish","format-standard","hentry","category-sem-categoria"],"_links":{"self":[{"href":"https:\/\/www.focolare.org\/pt-pt\/wp-json\/wp\/v2\/posts\/317704","targetHints":{"allow":["GET"]}}],"collection":[{"href":"https:\/\/www.focolare.org\/pt-pt\/wp-json\/wp\/v2\/posts"}],"about":[{"href":"https:\/\/www.focolare.org\/pt-pt\/wp-json\/wp\/v2\/types\/post"}],"author":[{"embeddable":true,"href":"https:\/\/www.focolare.org\/pt-pt\/wp-json\/wp\/v2\/users\/33"}],"replies":[{"embeddable":true,"href":"https:\/\/www.focolare.org\/pt-pt\/wp-json\/wp\/v2\/comments?post=317704"}],"version-history":[{"count":0,"href":"https:\/\/www.focolare.org\/pt-pt\/wp-json\/wp\/v2\/posts\/317704\/revisions"}],"wp:attachment":[{"href":"https:\/\/www.focolare.org\/pt-pt\/wp-json\/wp\/v2\/media?parent=317704"}],"wp:term":[{"taxonomy":"category","embeddable":true,"href":"https:\/\/www.focolare.org\/pt-pt\/wp-json\/wp\/v2\/categories?post=317704"},{"taxonomy":"post_tag","embeddable":true,"href":"https:\/\/www.focolare.org\/pt-pt\/wp-json\/wp\/v2\/tags?post=317704"}],"curies":[{"name":"wp","href":"https:\/\/api.w.org\/{rel}","templated":true}]}}