{"id":317782,"date":"2020-08-29T01:00:39","date_gmt":"2020-08-28T23:00:39","guid":{"rendered":"https:\/\/www.focolare.org\/afeganistao-e-italia-sher-khan-um-pilar-do-mundo-unido\/"},"modified":"2024-05-15T21:11:15","modified_gmt":"2024-05-15T19:11:15","slug":"afeganistao-e-italia-sher-khan-um-pilar-do-mundo-unido","status":"publish","type":"post","link":"https:\/\/www.focolare.org\/pt-pt\/afeganistao-e-italia-sher-khan-um-pilar-do-mundo-unido\/","title":{"rendered":"Afeganist\u00e3o e It\u00e1lia &#8211; Sher Khan: um pilar do mundo unido"},"content":{"rendered":"<p><em>O coronav\u00edrus continua a contar mil \u201chist\u00f3rias\u201d como a de Sher Khan. Embora a sua seja vivida em uma heran\u00e7a &#8211; a fraternidade &#8211; e em muitos amigos como Marta e Javed. By Anita Martinez and Dalma T\u00edm\u00e1r.<\/em>  https:\/\/vimeo.com\/430018854<\/p>\n","protected":false},"excerpt":{"rendered":"<p>O coronav\u00edrus continua a contar mil \u201chist\u00f3rias\u201d como a de Sher Khan. Embora a sua seja vivida em uma heran\u00e7a &#8211; a fraternidade &#8211; e em muitos amigos como Marta e Javed. By Anita Martinez and Dalma T\u00edm\u00e1r.<\/p>\n","protected":false},"author":33,"featured_media":0,"comment_status":"open","ping_status":"open","sticky":false,"template":"","format":"standard","meta":{"give_campaign_id":0,"_seopress_robots_primary_cat":"","_seopress_titles_title":"","_seopress_titles_desc":"","_seopress_robots_index":"","_et_pb_use_builder":"","_et_pb_old_content":"","_et_gb_content_width":"","footnotes":""},"categories":[129],"tags":[],"class_list":["post-317782","post","type-post","status-publish","format-standard","hentry","category-sem-categoria"],"_links":{"self":[{"href":"https:\/\/www.focolare.org\/pt-pt\/wp-json\/wp\/v2\/posts\/317782","targetHints":{"allow":["GET"]}}],"collection":[{"href":"https:\/\/www.focolare.org\/pt-pt\/wp-json\/wp\/v2\/posts"}],"about":[{"href":"https:\/\/www.focolare.org\/pt-pt\/wp-json\/wp\/v2\/types\/post"}],"author":[{"embeddable":true,"href":"https:\/\/www.focolare.org\/pt-pt\/wp-json\/wp\/v2\/users\/33"}],"replies":[{"embeddable":true,"href":"https:\/\/www.focolare.org\/pt-pt\/wp-json\/wp\/v2\/comments?post=317782"}],"version-history":[{"count":0,"href":"https:\/\/www.focolare.org\/pt-pt\/wp-json\/wp\/v2\/posts\/317782\/revisions"}],"wp:attachment":[{"href":"https:\/\/www.focolare.org\/pt-pt\/wp-json\/wp\/v2\/media?parent=317782"}],"wp:term":[{"taxonomy":"category","embeddable":true,"href":"https:\/\/www.focolare.org\/pt-pt\/wp-json\/wp\/v2\/categories?post=317782"},{"taxonomy":"post_tag","embeddable":true,"href":"https:\/\/www.focolare.org\/pt-pt\/wp-json\/wp\/v2\/tags?post=317782"}],"curies":[{"name":"wp","href":"https:\/\/api.w.org\/{rel}","templated":true}]}}