{"id":317788,"date":"2020-09-02T01:00:57","date_gmt":"2020-09-01T23:00:57","guid":{"rendered":"https:\/\/www.focolare.org\/peru-autoridade-e-misericordia\/"},"modified":"2024-05-15T21:11:17","modified_gmt":"2024-05-15T19:11:17","slug":"peru-autoridade-e-misericordia","status":"publish","type":"post","link":"https:\/\/www.focolare.org\/pt-pt\/peru-autoridade-e-misericordia\/","title":{"rendered":"Peru &#8211; Autoridade e miseric\u00f3rdia"},"content":{"rendered":"<p><em>Conciliar profiss\u00e3o e paternidade segundo os valores do Evangelho: a experi\u00eancia de um m\u00e9dico peruano na linha de frente na luta contra a COVID-19.<\/em>  <strong>Sou m\u00e9dico h\u00e1 25 anos e pai desde os 17<\/strong>, mas percebi que ainda n\u00e3o aprendi a ser um nem outro em coer\u00eancia com os valores nos quais acredito. Esses tempos de pandemia est\u00e3o se mostrando uma verdadeira escola para mim, para crescer em ambos os papeis, inclusive em aspectos que at\u00e9 agora eram subestimados n\u00e3o s\u00f3 por mim, mas pela maioria das pessoas.  <img alt=\"\" alt=\"\" loading=\"lazy\" decoding=\"async\" class=\"wp-image-225604 alignleft\" src=\"https:\/\/www.focolare.org\/wp-content\/uploads\/2020\/08\/WhatsApp-Image-2020-07-27-at-21.12.28-454x340.jpeg\" alt=\"\" width=\"300\" height=\"225\" \/><strong>Desde o in\u00edcio dessa pandemia mundial, trabalho em um hospital de campanha para pacientes com a Covid na cidade de Piura<\/strong>, no norte de Peru, o primeiro na cidade. Acompanho os doentes recuperados e vi mais pacientes morrerem nesses \u00faltimos tr\u00eas meses do que nos 25 anos como m\u00e9dico.  Eu me formei em uma das melhores faculdades de medicina do pa\u00eds com prest\u00edgio acad\u00eamico e rigor cient\u00edfico. Essa doen\u00e7a terr\u00edvel me fez descobrir os limites, a impot\u00eancia e a frustra\u00e7\u00e3o da medicina diante desse v\u00edrus desconhecido. Apesar da administra\u00e7\u00e3o de oxig\u00eanio e as terapias que a ci\u00eancia nos coloca \u00e0 disposi\u00e7\u00e3o, vi meus pacientes sofrerem muito e morrerem de asfixia, e todos os dias nos deparamos com a falta de profissionais e equipamentos em um hospital como o nosso, em um pa\u00eds pobre. E me sinto impotente e frustrado muitas vezes diante dos pacientes quando a doen\u00e7a se torna agressiva! Em meio \u00e0 desorienta\u00e7\u00e3o geral, ouvia-se o grito: \u201cEstou com sede! \u00c1gua, por favor! Algu\u00e9m me d\u00ea \u00e1gua! \u00c1gua\u201d; \u00e0s vezes, as pessoas ficavam resmungando e, s\u00f3 quando nos aproxim\u00e1vamos delas e pergunt\u00e1vamos se queriam algo para beber \u00e9 que balan\u00e7avam a cabe\u00e7a. Foi assim que, al\u00e9m do meu trabalho, comecei a dar algo de beber a todos que me pediam, a arrumar o travesseiro, a pegar nas m\u00e3os deles, a acariciar a cabe\u00e7a, a massagear as costas quando me pediam, a passar o balde de urinar. Ou simplesmente os ajudava a caminhar, rezava com eles ou por eles e, no fim, procurava lhes confortar nos \u00faltimos momentos.  <strong>Entendi que a medicina tem uma dimens\u00e3o dupla:<\/strong> aquela da autoridade, apoiada na ci\u00eancia que geralmente cura, mas tamb\u00e9m tem a dimens\u00e3o do ser humano, baseada na miseric\u00f3rdia e no amor que v\u00eam que Deus e se exprimem em atos cotidianos e simples que muitas vezes curam a alma. Ci\u00eancia e humanidade plena, conhecimento e miseric\u00f3rdia, corpo e alma, homem e Deus, raz\u00e3o e f\u00e9: \u00e9 uma moeda de dois lados que torna pleno o doar e o viver; um equil\u00edbrio delicado de se atingir.  Entre o trabalho extenuante no hospital, a sobrecarga de emo\u00e7\u00f5es intensas e minhas fraquezas, voltava para o jantar em casa com um s\u00f3 desejo: descansar e desabafar. Meu filho mais velho, no auge da adolesc\u00eancia, frustrado por causa do lockdown e com a energia da juventude, come\u00e7ou a discutir com todos, principalmente comigo. Tratava-me como um advers\u00e1rio ou inimigo e estar \u00e0 mesa era como um campo de batalha. Inicialmente, dominado pelas minhas paix\u00f5es e impulsos, nos encontramos em uma esp\u00e9cie de luta amarga com tons ofensivos. Pela en\u00e9sima vez, vi minha autoridade comprometida e a tentativa de imp\u00f4-la a for\u00e7a piorou as coisas.  <strong>Em casa, tamb\u00e9m descobri outros aspectos da minha paternidade como a miseric\u00f3rdia e a humildade<\/strong> e assim comecei a me calar e a oferecer a Deus o meu perd\u00e3o diante das ofensas, mas tamb\u00e9m a exprimir e pedir desculpas se eu percebia que tinha passado dos limites. Procurei ler no comportamento agressivo do meu filho um pedido de ajuda e de afeto; a calar-me mais para atenuar o tom das discuss\u00f5es e a continuar rezando sozinho e em fam\u00edlia mesmo quando parecia ser in\u00fatil.  Pouco a pouco, nosso relacionamento est\u00e1 voltando ao normal. Mais uma vez esses dois eixos essenciais: autoridade e miseric\u00f3rdia. Ser\u00e1 que n\u00e3o s\u00e3o express\u00f5es da vida divina? <\/p>\n<p style=\"text-align: right;\"><em>Por Gustavo E. Clari\u00e1<\/em><\/p>\n<p> <em>Se quiser dar a sua contribui\u00e7\u00e3o para ajudar aqueles que sofrem os efeitos da crise global da Covid, <a href=\"https:\/\/www.focolare.org\/pt\/covid\/\" target=\"_blank\" rel=\"noopener noreferrer\">v\u00e1 a este link<\/a><\/em><\/p>\n","protected":false},"excerpt":{"rendered":"<p>Conciliar profiss\u00e3o e paternidade segundo os valores do Evangelho: a experi\u00eancia de um m\u00e9dico peruano na linha de frente na luta contra a COVID-19.<\/p>\n","protected":false},"author":24,"featured_media":0,"comment_status":"open","ping_status":"open","sticky":false,"template":"","format":"standard","meta":{"give_campaign_id":0,"_seopress_robots_primary_cat":"","_seopress_titles_title":"","_seopress_titles_desc":"","_seopress_robots_index":"","_et_pb_use_builder":"","_et_pb_old_content":"","_et_gb_content_width":"","footnotes":""},"categories":[129],"tags":[],"class_list":["post-317788","post","type-post","status-publish","format-standard","hentry","category-sem-categoria"],"_links":{"self":[{"href":"https:\/\/www.focolare.org\/pt-pt\/wp-json\/wp\/v2\/posts\/317788","targetHints":{"allow":["GET"]}}],"collection":[{"href":"https:\/\/www.focolare.org\/pt-pt\/wp-json\/wp\/v2\/posts"}],"about":[{"href":"https:\/\/www.focolare.org\/pt-pt\/wp-json\/wp\/v2\/types\/post"}],"author":[{"embeddable":true,"href":"https:\/\/www.focolare.org\/pt-pt\/wp-json\/wp\/v2\/users\/24"}],"replies":[{"embeddable":true,"href":"https:\/\/www.focolare.org\/pt-pt\/wp-json\/wp\/v2\/comments?post=317788"}],"version-history":[{"count":0,"href":"https:\/\/www.focolare.org\/pt-pt\/wp-json\/wp\/v2\/posts\/317788\/revisions"}],"wp:attachment":[{"href":"https:\/\/www.focolare.org\/pt-pt\/wp-json\/wp\/v2\/media?parent=317788"}],"wp:term":[{"taxonomy":"category","embeddable":true,"href":"https:\/\/www.focolare.org\/pt-pt\/wp-json\/wp\/v2\/categories?post=317788"},{"taxonomy":"post_tag","embeddable":true,"href":"https:\/\/www.focolare.org\/pt-pt\/wp-json\/wp\/v2\/tags?post=317788"}],"curies":[{"name":"wp","href":"https:\/\/api.w.org\/{rel}","templated":true}]}}