{"id":317792,"date":"2020-09-05T01:00:31","date_gmt":"2020-09-04T23:00:31","guid":{"rendered":"https:\/\/www.focolare.org\/jordania-descobrir-aquilo-que-une-para-ir-alem-das-diferencas\/"},"modified":"2024-05-15T21:11:17","modified_gmt":"2024-05-15T19:11:17","slug":"jordania-descobrir-aquilo-que-une-para-ir-alem-das-diferencas","status":"publish","type":"post","link":"https:\/\/www.focolare.org\/pt-pt\/jordania-descobrir-aquilo-que-une-para-ir-alem-das-diferencas\/","title":{"rendered":"Jord\u00e2nia &#8211; Descobrir aquilo que une para ir al\u00e9m das diferen\u00e7as"},"content":{"rendered":"<p><em>No trabalho, na fam\u00edlia, em todas as situa\u00e7\u00f5es, para Omar e Lina, mu\u00e7ulmanos, os valores do di\u00e1logo e do encontro tamb\u00e9m entre diferentes cren\u00e7as est\u00e3o no centro. By Stefania Tanesini and Dalma T\u00edm\u00e1r.<\/em>  https:\/\/vimeo.com\/430371065<\/p>\n","protected":false},"excerpt":{"rendered":"<p>No trabalho, na fam\u00edlia, em todas as situa\u00e7\u00f5es, para Omar e Lina, mu\u00e7ulmanos, os valores do di\u00e1logo e do encontro tamb\u00e9m entre diferentes cren\u00e7as est\u00e3o no centro. By Stefania Tanesini and Dalma T\u00edm\u00e1r.<\/p>\n","protected":false},"author":33,"featured_media":0,"comment_status":"open","ping_status":"open","sticky":false,"template":"","format":"standard","meta":{"give_campaign_id":0,"_seopress_robots_primary_cat":"","_seopress_titles_title":"","_seopress_titles_desc":"","_seopress_robots_index":"","_et_pb_use_builder":"","_et_pb_old_content":"","_et_gb_content_width":"","footnotes":""},"categories":[129],"tags":[],"class_list":["post-317792","post","type-post","status-publish","format-standard","hentry","category-sem-categoria"],"_links":{"self":[{"href":"https:\/\/www.focolare.org\/pt-pt\/wp-json\/wp\/v2\/posts\/317792","targetHints":{"allow":["GET"]}}],"collection":[{"href":"https:\/\/www.focolare.org\/pt-pt\/wp-json\/wp\/v2\/posts"}],"about":[{"href":"https:\/\/www.focolare.org\/pt-pt\/wp-json\/wp\/v2\/types\/post"}],"author":[{"embeddable":true,"href":"https:\/\/www.focolare.org\/pt-pt\/wp-json\/wp\/v2\/users\/33"}],"replies":[{"embeddable":true,"href":"https:\/\/www.focolare.org\/pt-pt\/wp-json\/wp\/v2\/comments?post=317792"}],"version-history":[{"count":0,"href":"https:\/\/www.focolare.org\/pt-pt\/wp-json\/wp\/v2\/posts\/317792\/revisions"}],"wp:attachment":[{"href":"https:\/\/www.focolare.org\/pt-pt\/wp-json\/wp\/v2\/media?parent=317792"}],"wp:term":[{"taxonomy":"category","embeddable":true,"href":"https:\/\/www.focolare.org\/pt-pt\/wp-json\/wp\/v2\/categories?post=317792"},{"taxonomy":"post_tag","embeddable":true,"href":"https:\/\/www.focolare.org\/pt-pt\/wp-json\/wp\/v2\/tags?post=317792"}],"curies":[{"name":"wp","href":"https:\/\/api.w.org\/{rel}","templated":true}]}}