{"id":317822,"date":"2020-09-28T01:00:07","date_gmt":"2020-09-27T23:00:07","guid":{"rendered":"https:\/\/www.focolare.org\/chamados-para-o-dialogo\/"},"modified":"2024-05-15T21:11:22","modified_gmt":"2024-05-15T19:11:22","slug":"chamados-para-o-dialogo","status":"publish","type":"post","link":"https:\/\/www.focolare.org\/pt-pt\/chamados-para-o-dialogo\/","title":{"rendered":"Chamados para o di\u00e1logo"},"content":{"rendered":"<p><em>O caminho por excel\u00eancia para superar as diferen\u00e7as de qualquer natureza e criar comunh\u00e3o e unidade \u00e9 \u2013 como ensina Chiara Lubich \u2013 o di\u00e1logo. Podemos viv\u00ea-lo inclusive nas horas que devemos dedicar a n\u00f3s mesmos.<\/em>  Somos todos chamados a espelharmos em n\u00f3s a vida da Sant\u00edssima Trindade, na qual as Tr\u00eas Pessoas Divinas est\u00e3o em eterno di\u00e1logo; s\u00e3o eternamente uma coisa s\u00f3 e eternamente distintas.  Na pr\u00e1tica, para todos n\u00f3s, isso significa que, toda vez que tratamos com um ou mais irm\u00e3os, irm\u00e3s, direta ou indiretamente, por telefone, por escrito ou por um trabalho voltado para eles, pelas ora\u00e7\u00f5es que recitamos, n\u00f3s nos sintamos num di\u00e1logo perp\u00e9tuo, chamados ao di\u00e1logo.  De que modo?  Abrindo-nos a ele \u2013 ao irm\u00e3o, \u00e0 irm\u00e3 \u2013 escutando com a mente vazia o que o irm\u00e3o deseja, o que diz, o que o preocupa, o que deseja. E, depois disso, contribuirmos n\u00f3s com o que for desejado e oportuno.  E se eu tenho alguns momentos e horas que devo dedicar a mim mesma (para comer, descansar, me vestir, etc.), devo fazer cada a\u00e7\u00e3o em fun\u00e7\u00e3o dos irm\u00e3os, das irm\u00e3s, tendo em mente as pessoas que me aguardam.  De tal forma e somente assim, vivendo continuamente a \u201cespiritualidade da unidade\u201d ou \u201cde comunh\u00e3o\u201d, \u00e9 que posso contribuir com efic\u00e1cia para fazer da minha Igreja \u201cuma casa e uma escola de comunh\u00e3o\u201d; posso contribuir para que progrida, com os irm\u00e3os de outras Igrejas ou Comunidades eclesiais, a unidade da Igreja; e suscitar, com as pessoas de outras religi\u00f5es ou culturas, espa\u00e7os cada vez mais abrangentes de fraternidade universal. <\/p>\n<p style=\"text-align: right;\"><em>Chiara Lubich<\/em><\/p>\n<p> <em>Tirado de: Chiara Lubich, Chiamati a rispecchiare la Trinit\u00e0, in: Citt\u00e0 nuova, 5\/2004, pag. 7.<\/em><\/p>\n","protected":false},"excerpt":{"rendered":"<p>O caminho por excel\u00eancia para superar as diferen\u00e7as de qualquer natureza e criar comunh\u00e3o e unidade \u00e9 \u2013 como ensina Chiara Lubich \u2013 o di\u00e1logo. Podemos viv\u00ea-lo inclusive nas horas que devemos dedicar a n\u00f3s mesmos.<\/p>\n","protected":false},"author":33,"featured_media":0,"comment_status":"open","ping_status":"open","sticky":false,"template":"","format":"standard","meta":{"give_campaign_id":0,"_seopress_robots_primary_cat":"","_seopress_titles_title":"","_seopress_titles_desc":"","_seopress_robots_index":"","_et_pb_use_builder":"","_et_pb_old_content":"","_et_gb_content_width":"","footnotes":""},"categories":[129],"tags":[],"class_list":["post-317822","post","type-post","status-publish","format-standard","hentry","category-sem-categoria"],"_links":{"self":[{"href":"https:\/\/www.focolare.org\/pt-pt\/wp-json\/wp\/v2\/posts\/317822","targetHints":{"allow":["GET"]}}],"collection":[{"href":"https:\/\/www.focolare.org\/pt-pt\/wp-json\/wp\/v2\/posts"}],"about":[{"href":"https:\/\/www.focolare.org\/pt-pt\/wp-json\/wp\/v2\/types\/post"}],"author":[{"embeddable":true,"href":"https:\/\/www.focolare.org\/pt-pt\/wp-json\/wp\/v2\/users\/33"}],"replies":[{"embeddable":true,"href":"https:\/\/www.focolare.org\/pt-pt\/wp-json\/wp\/v2\/comments?post=317822"}],"version-history":[{"count":0,"href":"https:\/\/www.focolare.org\/pt-pt\/wp-json\/wp\/v2\/posts\/317822\/revisions"}],"wp:attachment":[{"href":"https:\/\/www.focolare.org\/pt-pt\/wp-json\/wp\/v2\/media?parent=317822"}],"wp:term":[{"taxonomy":"category","embeddable":true,"href":"https:\/\/www.focolare.org\/pt-pt\/wp-json\/wp\/v2\/categories?post=317822"},{"taxonomy":"post_tag","embeddable":true,"href":"https:\/\/www.focolare.org\/pt-pt\/wp-json\/wp\/v2\/tags?post=317822"}],"curies":[{"name":"wp","href":"https:\/\/api.w.org\/{rel}","templated":true}]}}