{"id":317840,"date":"2020-10-13T01:00:17","date_gmt":"2020-10-12T23:00:17","guid":{"rendered":"https:\/\/www.focolare.org\/o-pacto-global-pela-educacao\/"},"modified":"2024-05-15T21:11:25","modified_gmt":"2024-05-15T19:11:25","slug":"o-pacto-global-pela-educacao","status":"publish","type":"post","link":"https:\/\/www.focolare.org\/pt-pt\/o-pacto-global-pela-educacao\/","title":{"rendered":"O Pacto Global pela Educa\u00e7\u00e3o"},"content":{"rendered":"<p><em>No pr\u00f3ximo dia 15 de outubro haver\u00e1 o evento desejado pelo Papa Francisco: ag\u00eancias formadoras, atores sociais, institui\u00e7\u00f5es e organiza\u00e7\u00f5es internacionais se confrontar\u00e3o para construir alian\u00e7as por uma humanidade mais fraterna. Falamos disso com Carina Rossa, focolarina, na equipe organizadora.<\/em>  <img alt=\"\" alt=\"\" loading=\"lazy\" decoding=\"async\" class=\" wp-image-237262 alignright\" src=\"https:\/\/www.focolare.org\/wp-content\/uploads\/2020\/10\/Carina-Rossa-340x340.jpg\" alt=\"\" width=\"222\" height=\"222\" \/>\u201cNunca, como agora, houve necessidade de unir esfor\u00e7os numa ampla alian\u00e7a educativa para formar pessoas maduras, capazes de superar fragmenta\u00e7\u00f5es e contrastes e reconstruir o tecido das rela\u00e7\u00f5es em ordem a uma humanidade mais fraterna\u201d. Assim o Papa Francisco na Mensagem para o lan\u00e7amento do Pacto Global pela Educa\u00e7\u00e3o: um convite para promover \u201cuma educa\u00e7\u00e3o mais aberta e inclusiva, capaz de escuta paciente, di\u00e1logo construtivo e m\u00fatua compreens\u00e3o\u201d. O Pacto inspira um evento mundial, adiado por causa da pandemia. Um encontro virtual ter\u00e1 lugar a 15 de Outubro \u00e0s 14h30 (utc+2) em directo nos <a href=\"https:\/\/www.youtube.com\/c\/VaticanNewsPT\" target=\"_blank\" rel=\"noopener noreferrer\">canais do Youtube do Vaticano News<\/a>, com tradu\u00e7\u00e3o simult\u00e2nea em portugu\u00eas, italiano, ingl\u00eas, franc\u00eas e espanhol. Falamos disso com <strong>Carina Rossa<\/strong>, focolarina argentina, na equipe organizadora do evento:  <strong>O Papa nos convida para uma alian\u00e7a pela educa\u00e7\u00e3o que produza uma mudan\u00e7a de mentalidade. Como se desdobra este novo pensar?<\/strong> \u201cO Papa salienta que a educa\u00e7\u00e3o est\u00e1 na base de todas as mudan\u00e7as sociais e culturais e nos chama a nos comprometermos neste \u00e2mbito. Portanto, a primeira mudan\u00e7a reside em conferir dignidade \u00e0 educa\u00e7\u00e3o. Depois, d\u00e1 \u00e0 educa\u00e7\u00e3o uma finalidade, a de \u201cmudar o mundo\u201d, e convida a pensar no estudo como num instrumento para enfrentar os desafios do nosso tempo: paz e cidadania, solidariedade e desenvolvimento, dignidade e direitos humanos, cuidado da casa comum. Al\u00e9m disso, Francisco denuncia que o Pacto entre a fam\u00edlia, a escola, a sociedade e a cultura se rompeu e deve ser reconstru\u00eddo: aqui a mudan\u00e7a de mentalidade envolve as ag\u00eancias formadoras, os atores sociais, as institui\u00e7\u00f5es e as organiza\u00e7\u00f5es internacionais, a fim de que construam alian\u00e7as para alcan\u00e7ar finalidades comuns e suscitar uma humanidade mais fraterna. Para este objetivo, o Santo Padre sugere uma metodologia em tr\u00eas passos: colocar a pessoa no centro, investir as melhores energias e formar pessoas capazes de se p\u00f4r ao servi\u00e7o\u201d.  <strong>Ent\u00e3o, em que dire\u00e7\u00e3o educar os jovens? Quais valores cultivar?<\/strong> \u201cAs novas gera\u00e7\u00f5es est\u00e3o no centro da proposta educativa, porque s\u00e3o as crian\u00e7as, os adolescentes, os jovens que mudar\u00e3o o mundo. \u2018Homens e mulheres novos\u2019 \u2013 \u00e9 o que se deseja \u2013 que estar\u00e3o \u2018unidos na diversidade\u2019, em di\u00e1logo constante, a servi\u00e7o dos valores da paz, da solidariedade e da fraternidade universal, no respeito aos direitos humanos e \u00e0 dignidade do homem\u201d.  <strong><img alt=\"\" alt=\"\" loading=\"lazy\" decoding=\"async\" class=\"alignleft wp-image-237264 size-full\" src=\"https:\/\/www.focolare.org\/wp-content\/uploads\/2020\/10\/Logo-global-conpact.png\" alt=\"\" width=\"225\" height=\"224\" \/>O evento mundial dedicado ao Pacto deveria se realizar no dia 14 de maio, mas por causa da pandemia foi adiado para o dia 15 de outubro e se realizar\u00e1 de forma virtual. A que ponto estamos com a prepara\u00e7\u00e3o do evento?<\/strong> \u201cA pandemia nos obrigou a reconsiderar toda a proposta e o encontro marcado de outubro ser\u00e1 uma primeira etapa de aproxima\u00e7\u00e3o do evento mundial que esperamos celebrar mais para a frente com o Papa. A Congrega\u00e7\u00e3o para a Educa\u00e7\u00e3o Cat\u00f3lica \u2013 encarregada pelo Santo Padre para promover o evento \u2013 confiou \u00e0 Escola de Alta Forma\u00e7\u00e3o EIS da universidade LUMSA a coordena\u00e7\u00e3o cient\u00edfica da iniciativa e nesta fase se trabalha para instaurar rela\u00e7\u00f5es e encaminhar processos: por exemplo, foi constitu\u00edda uma comiss\u00e3o com as organiza\u00e7\u00f5es representativas do mundo educativo em n\u00edvel global. Al\u00e9m disso, estamos reunindo as experi\u00eancias educativas internacionais a serem publicadas no site do evento, como um Observat\u00f3rio do Pacto Educativo, e as palestras realizadas no decorrer dos encontros preparat\u00f3rios que compor\u00e3o uma publica\u00e7\u00e3o. <\/p>\n<p style=\"text-align: right;\"><em>Claudia Di Lorenzi<\/em><\/p>\n","protected":false},"excerpt":{"rendered":"<p>Le 15 octobre prochain aura lieu l&#8217;\u00e9v\u00e9nement voulu par le Pape Fran\u00e7ois : des organismes de formation, des acteurs sociaux, des institutions et des organisations internationales se confronteront pour construire des alliances pour une humanit\u00e9 plus fraternelle. Nous en parlons avec Carina Rossa, focolarine, membre de l&#8217;\u00e9quipe organisatrice.<\/p>\n","protected":false},"author":33,"featured_media":0,"comment_status":"open","ping_status":"open","sticky":false,"template":"","format":"standard","meta":{"give_campaign_id":0,"_seopress_robots_primary_cat":"","_seopress_titles_title":"","_seopress_titles_desc":"","_seopress_robots_index":"","_et_pb_use_builder":"","_et_pb_old_content":"","_et_gb_content_width":"","footnotes":""},"categories":[129],"tags":[],"class_list":["post-317840","post","type-post","status-publish","format-standard","hentry","category-sem-categoria"],"_links":{"self":[{"href":"https:\/\/www.focolare.org\/pt-pt\/wp-json\/wp\/v2\/posts\/317840","targetHints":{"allow":["GET"]}}],"collection":[{"href":"https:\/\/www.focolare.org\/pt-pt\/wp-json\/wp\/v2\/posts"}],"about":[{"href":"https:\/\/www.focolare.org\/pt-pt\/wp-json\/wp\/v2\/types\/post"}],"author":[{"embeddable":true,"href":"https:\/\/www.focolare.org\/pt-pt\/wp-json\/wp\/v2\/users\/33"}],"replies":[{"embeddable":true,"href":"https:\/\/www.focolare.org\/pt-pt\/wp-json\/wp\/v2\/comments?post=317840"}],"version-history":[{"count":0,"href":"https:\/\/www.focolare.org\/pt-pt\/wp-json\/wp\/v2\/posts\/317840\/revisions"}],"wp:attachment":[{"href":"https:\/\/www.focolare.org\/pt-pt\/wp-json\/wp\/v2\/media?parent=317840"}],"wp:term":[{"taxonomy":"category","embeddable":true,"href":"https:\/\/www.focolare.org\/pt-pt\/wp-json\/wp\/v2\/categories?post=317840"},{"taxonomy":"post_tag","embeddable":true,"href":"https:\/\/www.focolare.org\/pt-pt\/wp-json\/wp\/v2\/tags?post=317840"}],"curies":[{"name":"wp","href":"https:\/\/api.w.org\/{rel}","templated":true}]}}