{"id":317866,"date":"2020-10-26T12:00:37","date_gmt":"2020-10-26T11:00:37","guid":{"rendered":"https:\/\/www.focolare.org\/uma-ecologia-integral-exige-se-uma-profunda-conversao-interior\/"},"modified":"2024-05-15T21:11:31","modified_gmt":"2024-05-15T19:11:31","slug":"uma-ecologia-integral-exige-se-uma-profunda-conversao-interior","status":"publish","type":"post","link":"https:\/\/www.focolare.org\/pt-pt\/uma-ecologia-integral-exige-se-uma-profunda-conversao-interior\/","title":{"rendered":"Uma ecologia integral, exige-se uma profunda convers\u00e3o interior"},"content":{"rendered":"<p><em>O Papa Francisco enviou uma mensagem aos participantes da confer\u00eancia de EcoOne, uma iniciativa ecol\u00f3gica do Movimento dos Focolares.<\/em>  O Papa Francisco enviou uma mensagem aos participantes da confer\u00eancia de EcoOne, uma iniciativa ecol\u00f3gica do Movimento dos Focolares, que teve lugar de 23 a 25 de Outubro em transmiss\u00e3o em directo do Centro Mari\u00e1polis de Castel Gandolfo (It\u00e1lia).  <img alt=\"\" alt=\"\" loading=\"lazy\" decoding=\"async\" class=\"wp-image-237523 alignright\" src=\"https:\/\/www.focolare.org\/wp-content\/uploads\/2020\/10\/Papa-legge-messaggio-607x340.png\" alt=\"\" width=\"455\" height=\"255\" \/>\u201cDirijo uma cordial sauda\u00e7\u00e3o a quantos tomam parte neste encontro internacional que se desenrola no \u00e2mbito do ano especial dedicado ao quinto anivers\u00e1rio da carta enc\u00edclica\u00a0<a href=\"http:\/\/www.vatican.va\/content\/francesco\/pt\/encyclicals\/documents\/papa-francesco_20150524_enciclica-laudato-si.html\"><em>Laudato si\u2019<\/em><\/a>. Expresso a minha gratid\u00e3o a EcoOne, a iniciativa ecol\u00f3gica do Movimento dos Focolares, e aos representantes do Dicast\u00e9rio para o Servi\u00e7o do Desenvolvimento Humano Integral e do Movimento Cat\u00f3lico Mundial em prol do Clima, que colaboraram para tornar poss\u00edvel este evento.  O vosso encontro, com o seu tema \u00abNovos caminhos para a ecologia integral: cinco anos depois da\u00a0<em>Laudato si\u2019<\/em>\u00bb, analisa uma vis\u00e3o relacional da humanidade e do cuidado do nosso mundo a partir duma variedade de perspetivas: \u00e9tica, cient\u00edfica, social e teol\u00f3gica. Recordando a convic\u00e7\u00e3o de Chiara Lubich de que o mundo criado traz em si mesmo um carisma de unidade, confio que a sua perspetiva possa guiar o vosso trabalho no reconhecimento de que \u00abtudo est\u00e1 interligado\u00bb e que \u00abse exige uma preocupa\u00e7\u00e3o pelo meio ambiente, unida ao amor sincero pelos seres humanos e a um compromisso constante com os problemas da sociedade\u00bb (<a href=\"http:\/\/www.vatican.va\/content\/francesco\/pt\/encyclicals\/documents\/papa-francesco_20150524_enciclica-laudato-si.html#91\"><em>Laudato si\u2019<\/em><\/a>, 91).  Entre estes problemas, conta-se a necessidade urgente dum novo paradigma socioecon\u00f3mico mais inclusivo que reflita a verdade de que somos \u00abuma \u00fanica humanidade, como caminhantes da mesma carne humana, como filhos desta mesma terra que nos alberga a todos\u00bb (<a href=\"http:\/\/www.vatican.va\/content\/francesco\/pt\/encyclicals\/documents\/papa-francesco_20201003_enciclica-fratelli-tutti.html#8\"><em>Fratelli tutti<\/em><\/a>, 8). Esta solidariedade rec\u00edproca e com o mundo que nos rodeia, requer uma vontade firme de desenvolver e implementar medidas concretas que favore\u00e7am a dignidade de toda a pessoa nas suas rela\u00e7\u00f5es humanas, familiares e laborais, combatendo ao mesmo tempo as causas estruturais da pobreza e empenhando-se por proteger o ambiente natural.  Para alcan\u00e7ar uma ecologia integral, exige-se uma profunda convers\u00e3o interior quer a n\u00edvel pessoal quer comunit\u00e1rio. Enquanto examinais os grandes desafios que temos de enfrentar neste momento, nomeadamente as altera\u00e7\u00f5es clim\u00e1ticas, a necessidade dum desenvolvimento sustent\u00e1vel e o contributo que a religi\u00e3o pode dar \u00e0 supera\u00e7\u00e3o da crise ambiental, \u00e9 essencial romper com a l\u00f3gica da explora\u00e7\u00e3o e do ego\u00edsmo e promover a pr\u00e1tica dum estilo de vida s\u00f3brio, simples e humilde (cf.\u00a0<a href=\"http:\/\/www.vatican.va\/content\/francesco\/pt\/encyclicals\/documents\/papa-francesco_20150524_enciclica-laudato-si.html#222\"><em>Laudato si\u2019<\/em><\/a>, 222-224). Espero que o vosso trabalho sirva para cultivar, no cora\u00e7\u00e3o dos nossos irm\u00e3os e irm\u00e3s, uma corresponsabilidade de uns pelos outros como filhos de Deus e um renovado compromisso de bons administradores do seu dom da cria\u00e7\u00e3o (cf.\u00a0<em>Gen\u00a0<\/em>2, 15).  Queridos amigos, agrade\u00e7o-vos uma vez mais pela vossa pesquisa e os vossos esfor\u00e7os conjuntos para procurardes novos caminhos que levem a uma ecologia integral em prol do bem comum da fam\u00edlia humana e do mundo criado. Ao mesmo tempo que formulo bons votos, que se fazem ora\u00e7\u00e3o, pelas vossas delibera\u00e7\u00f5es durante este encontro, invoco cordialmente sobre v\u00f3s, vossas fam\u00edlias e vossos colaboradores, as b\u00ean\u00e7\u00e3os divinas de sabedoria, fortaleza e paz. E pe\u00e7o, por favor, que vos lembreis de mim nas vossas ora\u00e7\u00f5es\u201d. <\/p>\n<p style=\"text-align: right;\"><em>Departamento de Comunica\u00e7\u00e3o dos Focolares<\/em><\/p>\n","protected":false},"excerpt":{"rendered":"<p>O Papa Francisco enviou uma mensagem aos participantes da confer\u00eancia de EcoOne, uma iniciativa ecol\u00f3gica do Movimento dos Focolares.<\/p>\n","protected":false},"author":33,"featured_media":0,"comment_status":"open","ping_status":"open","sticky":false,"template":"","format":"standard","meta":{"give_campaign_id":0,"_seopress_robots_primary_cat":"","_seopress_titles_title":"","_seopress_titles_desc":"","_seopress_robots_index":"","_et_pb_use_builder":"","_et_pb_old_content":"","_et_gb_content_width":"","footnotes":""},"categories":[129],"tags":[],"class_list":["post-317866","post","type-post","status-publish","format-standard","hentry","category-sem-categoria"],"_links":{"self":[{"href":"https:\/\/www.focolare.org\/pt-pt\/wp-json\/wp\/v2\/posts\/317866","targetHints":{"allow":["GET"]}}],"collection":[{"href":"https:\/\/www.focolare.org\/pt-pt\/wp-json\/wp\/v2\/posts"}],"about":[{"href":"https:\/\/www.focolare.org\/pt-pt\/wp-json\/wp\/v2\/types\/post"}],"author":[{"embeddable":true,"href":"https:\/\/www.focolare.org\/pt-pt\/wp-json\/wp\/v2\/users\/33"}],"replies":[{"embeddable":true,"href":"https:\/\/www.focolare.org\/pt-pt\/wp-json\/wp\/v2\/comments?post=317866"}],"version-history":[{"count":0,"href":"https:\/\/www.focolare.org\/pt-pt\/wp-json\/wp\/v2\/posts\/317866\/revisions"}],"wp:attachment":[{"href":"https:\/\/www.focolare.org\/pt-pt\/wp-json\/wp\/v2\/media?parent=317866"}],"wp:term":[{"taxonomy":"category","embeddable":true,"href":"https:\/\/www.focolare.org\/pt-pt\/wp-json\/wp\/v2\/categories?post=317866"},{"taxonomy":"post_tag","embeddable":true,"href":"https:\/\/www.focolare.org\/pt-pt\/wp-json\/wp\/v2\/tags?post=317866"}],"curies":[{"name":"wp","href":"https:\/\/api.w.org\/{rel}","templated":true}]}}