{"id":317956,"date":"2020-12-31T03:00:21","date_gmt":"2020-12-31T02:00:21","guid":{"rendered":"https:\/\/www.focolare.org\/o-ano-de-2020-em-fotos-com-maria-voce-emmaus-e-jesus-moran\/"},"modified":"2024-05-15T21:11:48","modified_gmt":"2024-05-15T19:11:48","slug":"o-ano-de-2020-em-fotos-com-maria-voce-emmaus-e-jesus-moran","status":"publish","type":"post","link":"https:\/\/www.focolare.org\/pt-pt\/o-ano-de-2020-em-fotos-com-maria-voce-emmaus-e-jesus-moran\/","title":{"rendered":"O ano de 2020 em fotos com Maria Voce (Emmaus) e Jes\u00fas Mor\u00e1n"},"content":{"rendered":"<p><em>Alguns momentos do ano passado e imagens chave dos mandatos de Ema\u00fas como Presidente.<\/em>  https:\/\/vimeo.com\/490456570<\/p>\n","protected":false},"excerpt":{"rendered":"<p>Alguns momentos do ano passado e imagens chave dos mandatos de Ema\u00fas como Presidente.<\/p>\n","protected":false},"author":33,"featured_media":0,"comment_status":"open","ping_status":"open","sticky":false,"template":"","format":"standard","meta":{"give_campaign_id":0,"_seopress_robots_primary_cat":"","_seopress_titles_title":"","_seopress_titles_desc":"","_seopress_robots_index":"","_et_pb_use_builder":"","_et_pb_old_content":"","_et_gb_content_width":"","footnotes":""},"categories":[129],"tags":[],"class_list":["post-317956","post","type-post","status-publish","format-standard","hentry","category-sem-categoria"],"_links":{"self":[{"href":"https:\/\/www.focolare.org\/pt-pt\/wp-json\/wp\/v2\/posts\/317956","targetHints":{"allow":["GET"]}}],"collection":[{"href":"https:\/\/www.focolare.org\/pt-pt\/wp-json\/wp\/v2\/posts"}],"about":[{"href":"https:\/\/www.focolare.org\/pt-pt\/wp-json\/wp\/v2\/types\/post"}],"author":[{"embeddable":true,"href":"https:\/\/www.focolare.org\/pt-pt\/wp-json\/wp\/v2\/users\/33"}],"replies":[{"embeddable":true,"href":"https:\/\/www.focolare.org\/pt-pt\/wp-json\/wp\/v2\/comments?post=317956"}],"version-history":[{"count":0,"href":"https:\/\/www.focolare.org\/pt-pt\/wp-json\/wp\/v2\/posts\/317956\/revisions"}],"wp:attachment":[{"href":"https:\/\/www.focolare.org\/pt-pt\/wp-json\/wp\/v2\/media?parent=317956"}],"wp:term":[{"taxonomy":"category","embeddable":true,"href":"https:\/\/www.focolare.org\/pt-pt\/wp-json\/wp\/v2\/categories?post=317956"},{"taxonomy":"post_tag","embeddable":true,"href":"https:\/\/www.focolare.org\/pt-pt\/wp-json\/wp\/v2\/tags?post=317956"}],"curies":[{"name":"wp","href":"https:\/\/api.w.org\/{rel}","templated":true}]}}