{"id":318006,"date":"2021-01-29T07:00:34","date_gmt":"2021-01-29T06:00:34","guid":{"rendered":"https:\/\/www.focolare.org\/maria-voce-construir-relacoes-com-todos-esta-e-a-contribuicao-essencial-do-movimento-dos-focolares\/"},"modified":"2024-05-15T21:11:57","modified_gmt":"2024-05-15T19:11:57","slug":"maria-voce-construir-relacoes-com-todos-esta-e-a-contribuicao-essencial-do-movimento-dos-focolares","status":"publish","type":"post","link":"https:\/\/www.focolare.org\/pt-pt\/maria-voce-construir-relacoes-com-todos-esta-e-a-contribuicao-essencial-do-movimento-dos-focolares\/","title":{"rendered":"Maria Voce: construir rela\u00e7\u00f5es com todos,\u00a0esta \u00e9 a contribui\u00e7\u00e3o essencial do Movimento dos Focolares"},"content":{"rendered":"<p><em>De que modo Maria Voce viveu seu papel como primeira presidente na lideran\u00e7a do Movimento dos Focolares depois de Chiara Lubich? Em entrevista concedida ao <\/em>Vatican News <em>no dia 27 de janeiro, ela falou sobre a atualidade do Movimento e sua grande sintonia com o Papa Francisco. A seguir, amplos trechos da entrevista.<\/em>  Com certeza, presidir uma realidade t\u00e3o vasta e complexa como \u00e9 o Movimento dos Focolares, do qual participam 2 milh\u00f5es de pessoas em todo o mundo, em 182 pa\u00edses, n\u00e3o deve ser pouca coisa. A atual presidente cessante \u00e9 <strong>Maria Voce<\/strong>, nascida na prov\u00edncia de Cosenza (It\u00e1lia), advogada, com estudos de Teologia e de Direito Can\u00f4nico. Nos microfones do <em>Vatican News<\/em>, ela falou de sua experi\u00eancia de vida durante 12 anos \u00e0 frente do Movimento.  <strong>Alegrias e tristezas, conquistas, talvez alguns fracassos, limites e oportunidades: a vida do Movimento provavelmente foi composta de todas essas coisas, sempre, mas tamb\u00e9m nesses \u00faltimos anos. Para dizer, de modo bem sint\u00e9tico, qual \u00e9 realidade dele hoje, o que diria?<\/strong> Eu o veria como uma \u00e1rvore, que talvez tenha perdido um pouco suas flores e suas folhas, talvez tenha se tornado um pouquinho como uma \u00e1rvore no outono, para usar uma imagem, mas \u00e9 uma \u00e1rvore que mant\u00e9m intacta sua raiz muito forte e essa raiz \u00e9 capaz de manter em si mesma a seiva e o calor para alimentar as sementes dessa mesma \u00e1rvore, que agora est\u00e3o espalhadas pelo mundo inteiro, em todos os continentes. Portanto, o Movimento tem a possibilidade de continuar a aliment\u00e1-las e faz\u00ea-las brotar, como na verdade j\u00e1 est\u00e3o brotando em muitos lugares. Atualmente n\u00f3s o vemos, talvez, no inverno, no [pouco] calor do inverno, mas \u00e9 no inverno que as sementes amadurecem debaixo da terra, para depois florescerem, na primavera. E me parece que \u00e9 uma \u00e1rvore que est\u00e1 preparando a nova primavera da Obra.  <strong>O Papa Francisco e o Movimento dos Focolares: \u00e9 evidente que existe uma grande sintonia do ponto de vista da abertura ao di\u00e1logo, da necessidade de construir um mundo diferente. Em particular, justamente o apelo do Papa \u00e0 fraternidade da fam\u00edlia humana encontra o Movimento na vanguarda do di\u00e1logo com membros de outras religi\u00f5es, inclusive com os n\u00e3o crentes. Como a senhora v\u00ea a contribui\u00e7\u00e3o do Movimento neste sentido?<\/strong> Vejo que ela \u00e9 essencial, porque sempre foi essencial em Chiara desde o in\u00edcio: certamente pela gra\u00e7a do carisma da unidade recebido do Esp\u00edrito Santo, desde o in\u00edcio ela sentia realmente que devia encontrar cada pessoa com esp\u00edrito de fraternidade, e foi isso que ela sempre fez ao conhecer algu\u00e9m: os cat\u00f3licos em primeiro lugar \u2013 desde os bispos que a questionavam, como vimos no filme, at\u00e9 os pobres de Trento \u2013, do mesmo modo como fez quando conheceu pessoas de outras Igrejas, de outras religi\u00f5es ou pessoas sem nenhuma religi\u00e3o. Em todos Chiara encontrava irm\u00e3os e irm\u00e3s, e os tratava como irm\u00e3os e irm\u00e3s. Foi isso que Chiara nos ensinou e \u00e9 isso que permanece no Movimento; e vemos que isso \u00e9 uma for\u00e7a extraordin\u00e1ria. Vimos isso tamb\u00e9m nesses dias de prepara\u00e7\u00e3o para a Assembleia, durante os quais vimos na linha de frente pessoas que pertencem ao Movimento, de v\u00e1rias Igrejas e religi\u00f5es, ou sem um credo religioso expl\u00edcito, mas de boa vontade, que se colocaram antes de mais nada a testemunhar esse poder do amor, que \u00e9 capaz de criar rela\u00e7\u00f5es em todos os n\u00edveis, que \u00e9 capaz de superar os conflitos, que \u00e9 capaz de fazer com que voc\u00ea se encontre entre pessoas de outra religi\u00e3o, que at\u00e9 ontem talvez fossem inimigas umas das outras, e que, como pessoas, se encontram e falam juntas, rezam juntas, procuram juntas o sentido da vida, o sentido da pandemia, o sentido de viver para os outros, de realizar a\u00e7\u00f5es de solidariedade para os outros. Vimos isso nas palavras de sabedoria dessas pessoas, na sua aten\u00e7\u00e3o para com aquilo que o Movimento est\u00e1 preparando, na sua participa\u00e7\u00e3o ativa em prepara\u00e7\u00e3o \u00e0 assembleia com suas sugest\u00f5es, com suas vidas, porque evidentemente foram inspiradas pelo mesmo Esp\u00edrito Santo que age para al\u00e9m das fronteiras, para al\u00e9m de todas as barreiras. Portanto, tenho a impress\u00e3o de que esta \u00e9 a contribui\u00e7\u00e3o que o Papa sente e com a qual ele pode contar. E n\u00e3o apenas o Papa, mas toda a Igreja e toda a humanidade, porque se sente que h\u00e1 uma necessidade extrema dessa fraternidade e que o Movimento tem uma gra\u00e7a especial para constru\u00ed-la, justamente por causa do carisma de unidade que vem de Chiara.  <strong>Falando em relacionamento. A senhora disse recentemente algo muito forte, ou seja, entendeu que \u00e9 necess\u00e1ria uma reviravolta para o Movimento: entender que Deus n\u00e3o \u00e9 apenas Amor, mas tamb\u00e9m Trindade&#8230;<\/strong> Certamente Deus \u00e9 Trindade; isso significa que Deus em si mesmo \u00e9 rela\u00e7\u00e3o. Portanto, significa que todos aqueles que buscam a Deus devem construir relacionamentos para encontr\u00e1-lo. E eu n\u00e3o acredito que haja algu\u00e9m que n\u00e3o busque a Deus: poder\u00e1 estar buscando a verdade, mas Deus tamb\u00e9m \u00e9 verdade; estar\u00e1 buscando a beleza, mas Deus tamb\u00e9m \u00e9 beleza; estar\u00e1 buscando a bondade no mundo, mas Deus tamb\u00e9m \u00e9 bondade; Deus \u00e9 tudo o que qualquer ser humano possa buscar e pode encontrar se construir relacionamentos. E eu acredito que todos s\u00e3o capazes disso, porque todos s\u00e3o criados \u00e0 imagem de Deus e, portanto, \u00e0 imagem de Deus Trindade.  <strong>Por estatuto, a Obra de Maria ter\u00e1 sempre uma mulher como presidente. Acredito que o Movimento \u00e9 uma das poucas realidades em que ser mulher \u00e9 uma vantagem, poder\u00edamos dizer. Mas \u00e9 tamb\u00e9m um \u00f3timo sinal para a sociedade civil e tamb\u00e9m para a Igreja&#8230;<\/strong> Devo dizer que fico perplexa diante desta palavra \u201cvantagem\u201d. Porque, para dizer a verdade, estar \u00e0 frente de um Movimento como o nosso significa realmente ser a primeira pessoa a servir, a primeira a multiplicar os atos de amor, a primeira a aceitar qualquer desafio, qualquer coisa e a super\u00e1-la com a ajuda de Deus e com a ajuda dos irm\u00e3os. Portanto, em certo sentido, pode ser uma vantagem ser considerado capaz de ser eleito, mas n\u00e3o me parece que n\u00f3s vivemos isso com esse esp\u00edrito. E n\u00e3o me parece que as focolarinas, que s\u00e3o as \u00fanicas que podem aspirar a isso, se assim quisermos dizer, vivem isso dessa maneira; mas o vivem, sim, com um esp\u00edrito de amor e de servi\u00e7o \u00e0 Obra de Chiara, que todos querem continuar servindo com o amor com o qual Chiara a amou, guiou e serviu. Mas al\u00e9m disso, penso que isso \u00e9, certamente, tamb\u00e9m um testemunho daquela igualdade, daquela fraternidade profunda, daquela igual dignidade, que vai al\u00e9m das diferen\u00e7as sexuais, que Deus trouxe ao mundo quando criou o ser humano \u00e0 sua imagem e o criou homem e mulher. Portanto, ambos unidos nessa complementaridade que deve respeitar a diversidade e, portanto, deve revelar tanto um como o outro na pr\u00f3pria capacidade de doa\u00e7\u00e3o. Capacidade que certamente deve ser diferente, porque Deus fez dois seres diferentes, mas feitos para estarem juntos e para constitu\u00edrem juntos a humanidade, segundo a Sua imagem e semelhan\u00e7a. Nesse sentido, penso que \u00e9 um sinal de progresso e \u00e9 algo que est\u00e1 emergindo cada vez mais, tanto na Igreja como na sociedade. Mas penso que n\u00e3o \u00e9 nada mais do que a manifesta\u00e7\u00e3o cada vez mais clara daquilo que \u00e9 o \u201cperfil mariano\u201d da Igreja, aquele perfil que remete a Maria, que \u00e9 mulher, m\u00e3e, mas tamb\u00e9m rainha, tamb\u00e9m fundadora da Igreja no Calv\u00e1rio, juntamente com seu Filho, corredentora da humanidade, princ\u00edpio de unidade para todos. Nesse sentido, ent\u00e3o, penso que sim, que \u00e9 um privil\u00e9gio do qual o Movimento pode se gabar e que ele pode oferecer \u00e0 Igreja e ao mundo, de certa forma, como um exemplo e como precursor.  <strong>O que Maria Voce deseja hoje \u00e0 Obra de Maria para o futuro?<\/strong> Como Chiara, desejo \u00e0 Obra o m\u00e1ximo de fidelidade ao Evangelho, ou seja, uma fidelidade que pode chegar at\u00e9 o hero\u00edsmo, porque \u00e9 uma fidelidade \u00e0 viv\u00eancia concreta do Evangelho. E eu diria a esta Obra que prossegue seu caminho, fidelidade \u00e0quela palavra do Evangelho que Deus quis pronunciar enviando este carisma, isto \u00e9, a palavra \u201cunidade\u201d. Portanto, fidelidade \u00e0quela unidade que deve ser total, que deve ser capaz de viver rela\u00e7\u00f5es como as que se vivem na Trindade, para testemunhar ao mundo que Deus existe, que atrav\u00e9s da Obra Ele ainda pode espalhar a fraternidade mais amplamente na Igreja e no mundo para contribuir \u00e0 realiza\u00e7\u00e3o daquela ora\u00e7\u00e3o de Jesus: \u201cPai, que todos sejam um\u201d. <\/p>\n<p style=\"text-align: right;\"><em>Adriana Masotti<\/em><\/p>\n<p> <a href=\"https:\/\/www.vaticannews.va\/it\/chiesa\/news\/2021-01\/movimento-focolari-assemblea-maria-voce-chiara-lubich-francesco.html\">Aqui<\/a> a entrevista integral<\/p>\n","protected":false},"excerpt":{"rendered":"<p>De que modo Maria Voce viveu seu papel como primeira presidente na lideran\u00e7a do Movimento dos Focolares depois de Chiara Lubich? Em entrevista concedida ao Vatican News no dia 27 de janeiro, ela falou sobre a atualidade do Movimento e sua grande sintonia com o Papa Francisco. A seguir, amplos trechos da entrevista.<\/p>\n","protected":false},"author":33,"featured_media":0,"comment_status":"open","ping_status":"open","sticky":false,"template":"","format":"standard","meta":{"give_campaign_id":0,"_seopress_robots_primary_cat":"","_seopress_titles_title":"","_seopress_titles_desc":"","_seopress_robots_index":"","_et_pb_use_builder":"","_et_pb_old_content":"","_et_gb_content_width":"","footnotes":""},"categories":[129],"tags":[],"class_list":["post-318006","post","type-post","status-publish","format-standard","hentry","category-sem-categoria"],"_links":{"self":[{"href":"https:\/\/www.focolare.org\/pt-pt\/wp-json\/wp\/v2\/posts\/318006","targetHints":{"allow":["GET"]}}],"collection":[{"href":"https:\/\/www.focolare.org\/pt-pt\/wp-json\/wp\/v2\/posts"}],"about":[{"href":"https:\/\/www.focolare.org\/pt-pt\/wp-json\/wp\/v2\/types\/post"}],"author":[{"embeddable":true,"href":"https:\/\/www.focolare.org\/pt-pt\/wp-json\/wp\/v2\/users\/33"}],"replies":[{"embeddable":true,"href":"https:\/\/www.focolare.org\/pt-pt\/wp-json\/wp\/v2\/comments?post=318006"}],"version-history":[{"count":0,"href":"https:\/\/www.focolare.org\/pt-pt\/wp-json\/wp\/v2\/posts\/318006\/revisions"}],"wp:attachment":[{"href":"https:\/\/www.focolare.org\/pt-pt\/wp-json\/wp\/v2\/media?parent=318006"}],"wp:term":[{"taxonomy":"category","embeddable":true,"href":"https:\/\/www.focolare.org\/pt-pt\/wp-json\/wp\/v2\/categories?post=318006"},{"taxonomy":"post_tag","embeddable":true,"href":"https:\/\/www.focolare.org\/pt-pt\/wp-json\/wp\/v2\/tags?post=318006"}],"curies":[{"name":"wp","href":"https:\/\/api.w.org\/{rel}","templated":true}]}}