{"id":318024,"date":"2021-02-01T09:35:11","date_gmt":"2021-02-01T08:35:11","guid":{"rendered":"https:\/\/www.focolare.org\/margaret-karram-nova-presidente-do-movimento-dos-focolares\/"},"modified":"2024-05-15T21:11:59","modified_gmt":"2024-05-15T19:11:59","slug":"margaret-karram-nova-presidente-do-movimento-dos-focolares","status":"publish","type":"post","link":"https:\/\/www.focolare.org\/pt-pt\/margaret-karram-nova-presidente-do-movimento-dos-focolares\/","title":{"rendered":"Margaret Karram: nova presidente do Movimento dos Focolares"},"content":{"rendered":"<p><em>A nova presidente do Movimento dos Focolares para o pr\u00f3ximo mandato \u00e9 <strong>Margaret Karram<\/strong>, nascida em Haifa (Israel), no 1962.<\/em>  <img alt=\"\" alt=\"\" loading=\"lazy\" decoding=\"async\" class=\"size-full wp-image-239776 alignright\" src=\"https:\/\/www.focolare.org\/wp-content\/uploads\/2021\/02\/5701-m.jpg\" alt=\"\" width=\"205\" height=\"283\" \/>A elei\u00e7\u00e3o, para a qual s\u00e3o necess\u00e1rios ao menos dois ter\u00e7os dos eleitores presentes, aconteceu domingo, 31 de janeiro, e foi aprovada pelo Dicast\u00e9rio para os Leigos, a Fam\u00edlia e a Vida, conforme exigido pelos Estatutos do Movimento.  A nova presidente \u2013 que, por Estatuto, deve ser sempre uma mulher \u2013 dirigir\u00e1 o Movimento nos pr\u00f3ximos seis anos.  Devido \u00e0 pandemia, a Assembleia geral do Movimento dos Focolares, que votou a nova presidente, est\u00e1 se realizando inteiramente online. Teve in\u00edcio no dia 24 de janeiro e se concluir\u00e1 no pr\u00f3ximo dia 7 de fevereiro de 2021. \u00c9 a terceira Assembleia geral realizada ap\u00f3s a morte da fundadora, Chiara Lubich.  Participam dela 359 pessoas, do mundo inteiro, representando as diferentes culturas, gera\u00e7\u00f5es, voca\u00e7\u00f5es, perten\u00e7as eclesiais e credos religiosos presentes no Movimento dos Focolares.  Ap\u00f3s a elei\u00e7\u00e3o da presidente ter\u00e3o lugar, dia 1\u00ba de fevereiro, a elei\u00e7\u00e3o do copresidente, que, por Estatuto, deve ser um focolarino sacerdote, e a elei\u00e7\u00e3o dos conselheiros que colaboram no governo central do Movimento.  Seguir\u00e1 um comunicado \u00e0 imprensa. <\/p>\n<p style=\"text-align: right;\"><em>Lorenzo Russo \u2013 Departamento de Comunica\u00e7\u00e3o do Movimento dos Focolares<\/em><\/p>\n<p> &nbsp;<\/p>\n","protected":false},"excerpt":{"rendered":"<p>Margaret Karram \u00e8 a nova presidente do Movimento dos Focolares<\/p>\n","protected":false},"author":33,"featured_media":0,"comment_status":"open","ping_status":"open","sticky":false,"template":"","format":"standard","meta":{"give_campaign_id":0,"_seopress_robots_primary_cat":"","_seopress_titles_title":"","_seopress_titles_desc":"","_seopress_robots_index":"","_et_pb_use_builder":"","_et_pb_old_content":"","_et_gb_content_width":"","footnotes":""},"categories":[129],"tags":[],"class_list":["post-318024","post","type-post","status-publish","format-standard","hentry","category-sem-categoria"],"_links":{"self":[{"href":"https:\/\/www.focolare.org\/pt-pt\/wp-json\/wp\/v2\/posts\/318024","targetHints":{"allow":["GET"]}}],"collection":[{"href":"https:\/\/www.focolare.org\/pt-pt\/wp-json\/wp\/v2\/posts"}],"about":[{"href":"https:\/\/www.focolare.org\/pt-pt\/wp-json\/wp\/v2\/types\/post"}],"author":[{"embeddable":true,"href":"https:\/\/www.focolare.org\/pt-pt\/wp-json\/wp\/v2\/users\/33"}],"replies":[{"embeddable":true,"href":"https:\/\/www.focolare.org\/pt-pt\/wp-json\/wp\/v2\/comments?post=318024"}],"version-history":[{"count":0,"href":"https:\/\/www.focolare.org\/pt-pt\/wp-json\/wp\/v2\/posts\/318024\/revisions"}],"wp:attachment":[{"href":"https:\/\/www.focolare.org\/pt-pt\/wp-json\/wp\/v2\/media?parent=318024"}],"wp:term":[{"taxonomy":"category","embeddable":true,"href":"https:\/\/www.focolare.org\/pt-pt\/wp-json\/wp\/v2\/categories?post=318024"},{"taxonomy":"post_tag","embeddable":true,"href":"https:\/\/www.focolare.org\/pt-pt\/wp-json\/wp\/v2\/tags?post=318024"}],"curies":[{"name":"wp","href":"https:\/\/api.w.org\/{rel}","templated":true}]}}