{"id":318030,"date":"2021-02-02T10:30:20","date_gmt":"2021-02-02T09:30:20","guid":{"rendered":"https:\/\/www.focolare.org\/jesus-moran-reeleito-copresidente-dos-focolares\/"},"modified":"2024-05-15T21:12:01","modified_gmt":"2024-05-15T19:12:01","slug":"jesus-moran-reeleito-copresidente-dos-focolares","status":"publish","type":"post","link":"https:\/\/www.focolare.org\/pt-pt\/jesus-moran-reeleito-copresidente-dos-focolares\/","title":{"rendered":"Jes\u00fas Mor\u00e1n reeleito Copresidente dos Focolares"},"content":{"rendered":"<p><em>\u00c9 o segundo mandato para Mor\u00e1n, cuja fun\u00e7\u00e3o primordial \u00e9 o pleno apoio e colabora\u00e7\u00e3o com Margaret Karram, a nova presidente dos Focolares eleita.<\/em>  Tamb\u00e9m a elei\u00e7\u00e3o do Copresidente foi acolhida pela Assembleia dos Focolares com um aplauso mundial e hoje, o Dicast\u00e9rio para os Leigos, a Fam\u00edlia e a Vida confirmou a sua elei\u00e7\u00e3o: Jes\u00fas Mor\u00e1n foi reeleito Copresidente dos Focolares. Trata-se do segundo mandato depois do \u00faltimo que acabou de concluir ao lado de Maria Voce.  Jes\u00fas Mor\u00e1n tem 63 anos e nasceu em Navalperales de Pinares, \u00c1vila (Espanha). Encontrou a mensagem evang\u00e9lica proposta pelo Movimento dos Focolares durante os estudos universit\u00e1rios, atrav\u00e9s do testemunho de alguns amigos. Ele se formou em Filosofia junto da Universidade Aut\u00f4noma de Madri e obteve o diploma em Teologia Dogm\u00e1tica junto da Pontif\u00edcia Universidade Cat\u00f3lica de Santiago do Chile e um doutorado em Teologia junto da Pontif\u00edcia Universidade Lateranense em Roma.  De 1996 a 2004 foi respons\u00e1vel dos Focolares para o Chile e a Bol\u00edvia, onde foi ordenado sacerdote no dia 21 de dezembro de 2002. De 2004 a 2008 foi correspons\u00e1vel do Movimento no M\u00e9xico e em Cuba.  Na Assembleia geral dos Focolares em 2008 foi eleito conselheiro geral e encarregado pelo aspecto da forma\u00e7\u00e3o cultural dos membros do Movimento. Em 2009 come\u00e7ou a fazer parte da \u201cEscola Abba\u201d, centro interdisciplinar de estudo dos Focolares, pela sua compet\u00eancia em antropologia teol\u00f3gica e teologia moral. De 2014 at\u00e9 hoje \u00e9 copresidente dos Focolares.  <strong>As fun\u00e7\u00f5es do Copresidente<\/strong> O primeiro dever do Copresidente \u00e9 o pleno apoio e colabora\u00e7\u00e3o com a Presidente. Os Estatutos dos Focolares falam de \u201cprofunda unidade com a Presidente\u201d para lhe oferecer a possibilidade de avaliar ideias e decis\u00f5es, na escuta e na comum busca da vontade de Deus.  \u00c9 respons\u00e1vel dos sacerdotes que aderem aos Focolares e cuida para que a vida interna e as atividades do Movimento sejam conformes \u00e0 f\u00e9 e \u00e0 moral da Igreja. <\/p>\n<p style=\"text-align: right;\"><em>Stefania Tanesini\u00a0<\/em><\/p>\n<p> &nbsp;<\/p>\n","protected":false},"excerpt":{"rendered":"<p>\u00c9 o segundo mandato para Mor\u00e1n, cuja fun\u00e7\u00e3o primordial \u00e9 o pleno apoio e colabora\u00e7\u00e3o com Margaret Karram, a nova presidente dos Focolares eleita.<\/p>\n","protected":false},"author":33,"featured_media":0,"comment_status":"open","ping_status":"open","sticky":false,"template":"","format":"standard","meta":{"give_campaign_id":0,"_seopress_robots_primary_cat":"","_seopress_titles_title":"","_seopress_titles_desc":"","_seopress_robots_index":"","_et_pb_use_builder":"","_et_pb_old_content":"","_et_gb_content_width":"","footnotes":""},"categories":[129],"tags":[],"class_list":["post-318030","post","type-post","status-publish","format-standard","hentry","category-sem-categoria"],"_links":{"self":[{"href":"https:\/\/www.focolare.org\/pt-pt\/wp-json\/wp\/v2\/posts\/318030","targetHints":{"allow":["GET"]}}],"collection":[{"href":"https:\/\/www.focolare.org\/pt-pt\/wp-json\/wp\/v2\/posts"}],"about":[{"href":"https:\/\/www.focolare.org\/pt-pt\/wp-json\/wp\/v2\/types\/post"}],"author":[{"embeddable":true,"href":"https:\/\/www.focolare.org\/pt-pt\/wp-json\/wp\/v2\/users\/33"}],"replies":[{"embeddable":true,"href":"https:\/\/www.focolare.org\/pt-pt\/wp-json\/wp\/v2\/comments?post=318030"}],"version-history":[{"count":0,"href":"https:\/\/www.focolare.org\/pt-pt\/wp-json\/wp\/v2\/posts\/318030\/revisions"}],"wp:attachment":[{"href":"https:\/\/www.focolare.org\/pt-pt\/wp-json\/wp\/v2\/media?parent=318030"}],"wp:term":[{"taxonomy":"category","embeddable":true,"href":"https:\/\/www.focolare.org\/pt-pt\/wp-json\/wp\/v2\/categories?post=318030"},{"taxonomy":"post_tag","embeddable":true,"href":"https:\/\/www.focolare.org\/pt-pt\/wp-json\/wp\/v2\/tags?post=318030"}],"curies":[{"name":"wp","href":"https:\/\/api.w.org\/{rel}","templated":true}]}}