{"id":318058,"date":"2021-02-15T03:00:16","date_gmt":"2021-02-15T02:00:16","guid":{"rendered":"https:\/\/www.focolare.org\/um-caminho-evangelico-original\/"},"modified":"2024-05-15T21:12:05","modified_gmt":"2024-05-15T19:12:05","slug":"um-caminho-evangelico-original","status":"publish","type":"post","link":"https:\/\/www.focolare.org\/pt-pt\/um-caminho-evangelico-original\/","title":{"rendered":"Um caminho evang\u00e9lico original"},"content":{"rendered":"<p><em>Se a espiritualidade dos Focolares, centrada no amor ao irm\u00e3o, \u00e9 uma express\u00e3o do Evangelho, ent\u00e3o tamb\u00e9m a \u201cperfei\u00e7\u00e3o nas virtudes\u201d, segundo a tradi\u00e7\u00e3o crist\u00e3, deve se concretizar na rela\u00e7\u00e3o com os outros, com os irm\u00e3os. Essa \u00e9 a convic\u00e7\u00e3o que Chiara Lubich exp\u00f5e no texto a seguir.<\/em>  Para podermos fazer de nossa vida uma Santa Viagem, e para que esta tenha a conclus\u00e3o desejada, <em>A Imita\u00e7\u00e3o de Cristo<\/em>, livro de medita\u00e7\u00e3o rico em espiri\u00adtualidade, diz que s\u00e3o necess\u00e1rias algumas qualidades que exigem todo nosso esfor\u00e7o pessoal, como o com\u00adpleto desprezo pelas coisas do mundo, o desejo ardente de progredir na virtude, o amor ao sacrif\u00edcio, o fervor na penit\u00eancia, a ren\u00fancia de si mesmo e o saber suportar toda e qualquer adversidade&#8230;  Estas s\u00e3o qualidades que todos n\u00f3s devemos possuir. Por\u00e9m \u00e9 necess\u00e1rio que nos interroguemos: segundo a nossa espiritualidade, de que modo podemos adquiri-las?  A resposta \u00e9 clara e segura: n\u00f3s n\u00e3o somos cha\u00admados por Deus a realizar tudo isto atrav\u00e9s de uma vida mon\u00e1stica e separada do mundo. Somos chamados a permanecer em meio ao mundo e a chegar a Deus atrav\u00e9s do irm\u00e3o, portanto, mediante o amor ao pr\u00f3ximo e o amor m\u00fatuo.  Empenhando-nos em caminhar por esta estrada toda original e evang\u00e9lica ao mesmo tempo, como por encanto encontraremos a nossa alma enriquecida por todas estas virtudes.  \u00c9 necess\u00e1rio o desprezo do mundo: e n\u00e3o existe maior desprezo a alguma coisa do que ignor\u00e1-la, n\u00e3o a le\u00advando em considera\u00e7\u00e3o.  Se estivermos completamente projetados no outro, a pensar no outro, a am\u00e1-lo, n\u00f3s n\u00e3o consideraremos o mundo, e ele ser\u00e1 ignorado, portanto, desprezado. Isso por\u00e9m n\u00e3o nos dispensa do dever de fazer toda a nossa parte para afastar as suas sugest\u00f5es negativas, quando elas nos irrompem.  E preciso progredir na virtude? \u00c9 com o amor que o conseguiremos. Por acaso, n\u00e3o est\u00e1 escrito: \u201cCorrerei pelos caminhos dos vossos mandamentos, porque sois v\u00f3s que dilatastes com o amor o meu cora\u00e7\u00e3o?<sup>1<\/sup>.\u201d  Se, amando o pr\u00f3ximo, corremos no cumprimen\u00adto dos mandamentos de Deus, significa que estamos progredindo.  \u00c9 necess\u00e1rio o amor ao sacrif\u00edcio. Amar os outros significa justamente sacrificar a si mesmo para se dedicar aos irm\u00e3os. O amor crist\u00e3o \u00e9 sin\u00f4nimo de sacrif\u00edcio, mesmo se traz em si grande alegria.  \u00c9 preciso o fervor da penit\u00eancia. E atrav\u00e9s de uma vida de amor que encontraremos a melhor e a principal penit\u00eancia.  \u00c9 necess\u00e1ria a ren\u00fancia a si mesmo. No amor para com os outros est\u00e1 sempre impl\u00edcita uma ren\u00fancia a si mesmo.  \u00c9 necess\u00e1rio, enfim, saber suportar todas as adversidades. E no mundo, porventura, os sofrimentos n\u00e3o s\u00e3o causados pela conviv\u00eancia com os outros?  Devemos saber suportar a todos e am\u00e1-los por amor a Jesus Abandonado. Com isto superaremos muitos obst\u00e1culos em nossa vida.  Sem d\u00favida, no amor ao pr\u00f3ximo encontraremos o modo por excel\u00eancia para fazer da vida uma \u201cSanta Viagem\u201d. [\u2026] <\/p>\n<p style=\"text-align: right;\"><em>Chiara Lubich <\/em><\/p>\n<p> <em>(em uma conex\u00e3o telef\u00f4nica, Rocca di Papa, 27 de novembro de 1986<\/em><em>)<\/em>  <em>Tirado de: \u201cQualit\u00e0 impegnative per chi vuol fare un santo viaggio<\/em><em>\u201d, in: Chiara Lubich, Conversazioni in collegamento telefonico, Citt\u00e0 Nuova Ed., 2019, pag. 261.<\/em>  <em>1) Sl <\/em>118, 32<\/p>\n","protected":false},"excerpt":{"rendered":"<p>Se a espiritualidade dos Focolares, centrada no amor ao irm\u00e3o, \u00e9 uma express\u00e3o do Evangelho, ent\u00e3o tamb\u00e9m a \u201cperfei\u00e7\u00e3o nas virtudes\u201d, segundo a tradi\u00e7\u00e3o crist\u00e3, deve se concretizar na rela\u00e7\u00e3o com os outros, com os irm\u00e3os. Essa \u00e9 a convic\u00e7\u00e3o que Chiara Lubich exp\u00f5e no texto a seguir.<\/p>\n","protected":false},"author":33,"featured_media":0,"comment_status":"open","ping_status":"open","sticky":false,"template":"","format":"standard","meta":{"give_campaign_id":0,"_seopress_robots_primary_cat":"","_seopress_titles_title":"","_seopress_titles_desc":"","_seopress_robots_index":"","_et_pb_use_builder":"","_et_pb_old_content":"","_et_gb_content_width":"","footnotes":""},"categories":[129],"tags":[],"class_list":["post-318058","post","type-post","status-publish","format-standard","hentry","category-sem-categoria"],"_links":{"self":[{"href":"https:\/\/www.focolare.org\/pt-pt\/wp-json\/wp\/v2\/posts\/318058","targetHints":{"allow":["GET"]}}],"collection":[{"href":"https:\/\/www.focolare.org\/pt-pt\/wp-json\/wp\/v2\/posts"}],"about":[{"href":"https:\/\/www.focolare.org\/pt-pt\/wp-json\/wp\/v2\/types\/post"}],"author":[{"embeddable":true,"href":"https:\/\/www.focolare.org\/pt-pt\/wp-json\/wp\/v2\/users\/33"}],"replies":[{"embeddable":true,"href":"https:\/\/www.focolare.org\/pt-pt\/wp-json\/wp\/v2\/comments?post=318058"}],"version-history":[{"count":0,"href":"https:\/\/www.focolare.org\/pt-pt\/wp-json\/wp\/v2\/posts\/318058\/revisions"}],"wp:attachment":[{"href":"https:\/\/www.focolare.org\/pt-pt\/wp-json\/wp\/v2\/media?parent=318058"}],"wp:term":[{"taxonomy":"category","embeddable":true,"href":"https:\/\/www.focolare.org\/pt-pt\/wp-json\/wp\/v2\/categories?post=318058"},{"taxonomy":"post_tag","embeddable":true,"href":"https:\/\/www.focolare.org\/pt-pt\/wp-json\/wp\/v2\/tags?post=318058"}],"curies":[{"name":"wp","href":"https:\/\/api.w.org\/{rel}","templated":true}]}}