{"id":318080,"date":"2021-03-08T12:00:39","date_gmt":"2021-03-08T11:00:39","guid":{"rendered":"https:\/\/www.focolare.org\/a-oracao-dos-filhos-de-abraao-abri-os-nossos-coracoes-ao-perdao-reciproco\/"},"modified":"2024-05-15T21:12:09","modified_gmt":"2024-05-15T19:12:09","slug":"a-oracao-dos-filhos-de-abraao-abri-os-nossos-coracoes-ao-perdao-reciproco","status":"publish","type":"post","link":"https:\/\/www.focolare.org\/pt-pt\/a-oracao-dos-filhos-de-abraao-abri-os-nossos-coracoes-ao-perdao-reciproco\/","title":{"rendered":"A Ora\u00e7\u00e3o dos filhos de Abra\u00e3o: &#8220;abri os nossos cora\u00e7\u00f5es ao perd\u00e3o rec\u00edproco&#8221;."},"content":{"rendered":"<p><em>No s\u00e1bado, 6 de Mar\u00e7o de 2021, durante a viagem apost\u00f3lica do Papa Francisco ao Iraque, realizou-se um encontro inter-religioso na Plan\u00edcie de Ur dos Caldeus. No final, foi entoada uma ora\u00e7\u00e3o inspirada na figura do patriarca Abra\u00e3o, pai comum na f\u00e9 de crist\u00e3os, judeus e mu\u00e7ulmanos. Aqui est\u00e1 o texto.<\/em><!--more-->  Deus Todo-Poderoso, nosso Criador, que amais a fam\u00edlia humana e tudo o que as vossas m\u00e3os fizeram, n\u00f3s, filhos e filhas de Abra\u00e3o pertencentes ao Juda\u00edsmo, ao Cristianismo e ao Isl\u00e3o, juntamente com os demais crentes e todas as pessoas de boa vontade, agradecemo-Vos por nos terdes dado como pai comum na f\u00e9 Abra\u00e3o, filho insigne desta nobre e amada terra.  Agradecemo-Vos pelo seu exemplo de homem de f\u00e9 que Vos obedeceu completamente, deixando a sua fam\u00edlia, a sua tribo e a sua p\u00e1tria a fim de ir para uma terra que n\u00e3o conhecia.  Agradecemo-Vos tamb\u00e9m pelo exemplo de coragem, resili\u00eancia e for\u00e7a de \u00e2nimo, generosidade e hospitalidade que nos deu o nosso pai comum na f\u00e9.  Agradecemo-Vos particularmente pela sua f\u00e9 heroica, demonstrada na disponibilidade em sacrificar o pr\u00f3prio filho para obedecer \u00e0 vossa ordem. Sabemos que era uma prova muito dif\u00edcil, da qual todavia saiu vitorioso, porque confiou sem reservas em V\u00f3s, que sois misericordioso e sempre abris novas possibilidades para recome\u00e7ar.  Agradecemo-Vos porque, aben\u00e7oando o nosso pai Abra\u00e3o, fizestes dele uma b\u00ean\u00e7\u00e3o para todos os povos.  Pedimo-Vos, Deus do nosso pai Abra\u00e3o e nosso Deus, que nos concedais uma f\u00e9 forte, operosa no bem, uma f\u00e9 que abra os nossos cora\u00e7\u00f5es a V\u00f3s e a todos os nossos irm\u00e3os e irm\u00e3s; e uma esperan\u00e7a irreprim\u00edvel, capaz de em tudo vislumbrar a fidelidade das vossas promessas.  Fazei de cada um de n\u00f3s uma testemunha do vosso cuidado amoroso por todos, especialmente os refugiados e os deslocados, as vi\u00favas e os \u00f3rf\u00e3os, os pobres e os doentes.  Abri os nossos cora\u00e7\u00f5es ao perd\u00e3o rec\u00edproco, tornando-nos instrumentos de reconcilia\u00e7\u00e3o, construtores duma sociedade mais justa e fraterna.  Acolhei na vossa morada de paz e luz todos os defuntos, de modo particular as v\u00edtimas da viol\u00eancia e das guerras.  Assisti as autoridades civis na busca e localiza\u00e7\u00e3o das pessoas sequestradas e na prote\u00e7\u00e3o especial das mulheres e crian\u00e7as.  Ajudai-nos a cuidar da terra, a casa comum que, na vossa bondade e generosidade, destes a todos n\u00f3s.  Sustentai as nossas m\u00e3os na reconstru\u00e7\u00e3o deste pa\u00eds e dai-nos a for\u00e7a necess\u00e1ria para ajudar, aqueles que tiveram de deixar as suas casas e terras, a regressar em seguran\u00e7a e com dignidade, e a come\u00e7ar uma vida nova, serena e pr\u00f3spera. Amen.<\/p>\n","protected":false},"excerpt":{"rendered":"<p>No s\u00e1bado, 6 de Mar\u00e7o de 2021, durante a viagem apost\u00f3lica do Papa Francisco ao Iraque, realizou-se um encontro inter-religioso na Plan\u00edcie de Ur dos Caldeus. No final, foi entoada uma ora\u00e7\u00e3o inspirada na figura do patriarca Abra\u00e3o, pai comum na f\u00e9 de crist\u00e3os, judeus e mu\u00e7ulmanos. Aqui est\u00e1 o texto.<\/p>\n","protected":false},"author":33,"featured_media":0,"comment_status":"open","ping_status":"open","sticky":false,"template":"","format":"standard","meta":{"give_campaign_id":0,"_seopress_robots_primary_cat":"","_seopress_titles_title":"","_seopress_titles_desc":"","_seopress_robots_index":"","_et_pb_use_builder":"","_et_pb_old_content":"","_et_gb_content_width":"","footnotes":""},"categories":[129],"tags":[],"class_list":["post-318080","post","type-post","status-publish","format-standard","hentry","category-sem-categoria"],"_links":{"self":[{"href":"https:\/\/www.focolare.org\/pt-pt\/wp-json\/wp\/v2\/posts\/318080","targetHints":{"allow":["GET"]}}],"collection":[{"href":"https:\/\/www.focolare.org\/pt-pt\/wp-json\/wp\/v2\/posts"}],"about":[{"href":"https:\/\/www.focolare.org\/pt-pt\/wp-json\/wp\/v2\/types\/post"}],"author":[{"embeddable":true,"href":"https:\/\/www.focolare.org\/pt-pt\/wp-json\/wp\/v2\/users\/33"}],"replies":[{"embeddable":true,"href":"https:\/\/www.focolare.org\/pt-pt\/wp-json\/wp\/v2\/comments?post=318080"}],"version-history":[{"count":0,"href":"https:\/\/www.focolare.org\/pt-pt\/wp-json\/wp\/v2\/posts\/318080\/revisions"}],"wp:attachment":[{"href":"https:\/\/www.focolare.org\/pt-pt\/wp-json\/wp\/v2\/media?parent=318080"}],"wp:term":[{"taxonomy":"category","embeddable":true,"href":"https:\/\/www.focolare.org\/pt-pt\/wp-json\/wp\/v2\/categories?post=318080"},{"taxonomy":"post_tag","embeddable":true,"href":"https:\/\/www.focolare.org\/pt-pt\/wp-json\/wp\/v2\/tags?post=318080"}],"curies":[{"name":"wp","href":"https:\/\/api.w.org\/{rel}","templated":true}]}}