{"id":318082,"date":"2021-03-09T03:00:32","date_gmt":"2021-03-09T02:00:32","guid":{"rendered":"https:\/\/www.focolare.org\/descobrir-deus-onde-ele-desapareceu\/"},"modified":"2024-05-15T21:12:09","modified_gmt":"2024-05-15T19:12:09","slug":"descobrir-deus-onde-ele-desapareceu","status":"publish","type":"post","link":"https:\/\/www.focolare.org\/pt-pt\/descobrir-deus-onde-ele-desapareceu\/","title":{"rendered":"Descobrir Deus onde Ele desapareceu"},"content":{"rendered":"<p><em>Junto com v\u00e1rios grupos cat\u00f3licos, o Movimento dos Focolares na Alemanha organizou uma confer\u00eancia on-line sobre a busca de Deus em um mundo onde Ele parece estar cada vez mais ausente. Foi tamb\u00e9m uma contribui\u00e7\u00e3o para a caminhada sinodal da Igreja Cat\u00f3lica na Alemanha.<\/em>  <img alt=\"\" alt=\"\" loading=\"lazy\" decoding=\"async\" class=\"wp-image-240852 alignright\" src=\"https:\/\/www.focolare.org\/wp-content\/uploads\/2021\/03\/900-x-600-453x340.png\" alt=\"\" width=\"349\" height=\"262\" \/>&#8220;Deus desaparece &#8211; e talvez seja necess\u00e1rio? Deus desaparece &#8211; e talvez Ele queira que seja assim?&#8221;. Estas foram as perguntas provocadoras que orientaram o programa de uma confer\u00eancia realizada on-line nos dias 26 e 27 de fevereiro, na Alemanha. Em colabora\u00e7\u00e3o com a revista mensal &#8220;Herder-Korrespondenz&#8221;, e a Academia Cat\u00f3lica da Diocese de Dresden-Meissen, na antiga RDA, o Movimento dos Focolares na Alemanha organizou esta confer\u00eancia para abordar uma das quest\u00f5es mais urgentes de muitos crist\u00e3os: o que fazemos e como devemos agir em um mundo onde Deus parece que n\u00e3o existe&#8221;?  Os 350 participantes da Alemanha, \u00c1ustria, Su\u00ed\u00e7a e outros pa\u00edses europeus estavam prontos para mergulhar nas causas da crescente aus\u00eancia de Deus na sociedade e na vida das pessoas at\u00e9 chegar &#8211; como disse o bispo convidado de Dresden, Heinrich Timmerevers, na sua sauda\u00e7\u00e3o inicial &#8211; \u00e0 pergunta chocante, &#8220;ser\u00e1 \u00e9 que a pr\u00f3pria Igreja que est\u00e1 afastando as pessoas de Deus por causa da crise causada pelos abusos?  Margaret Karram, presidente do Movimento dos Focolares, afirmou em uma mensagem de sauda\u00e7\u00e3o que o tema da aus\u00eancia de Deus toca o n\u00facleo da espiritualidade do Movimento, que se resume na figura de Jesus, abandonada na cruz pelos homens e por Deus, como &#8220;o momento mais dif\u00edcil e ao mesmo tempo mais divino de Jesus, como a chave para contribuir para a realiza\u00e7\u00e3o da fraternidade onde quer que ela falte [&#8230;] e para alcan\u00e7ar aqueles que mais sofrem com essa obscuridade&#8221;.  Seguiram-se dois dias de reflex\u00e3o cr\u00edtica e estimulante sobre tudo aquilo que, apesar de uma tend\u00eancia crescente ao secularismo, ainda \u00e9 motivo para permanecer firme na f\u00e9 em Deus, e tamb\u00e9m sobre novas formas de interesse &#8211; especialmente nos jovens &#8211; em algo transcendente que passa por hist\u00f3rias aut\u00eanticas, experi\u00eancias de est\u00e9tica profunda e curiosidade para explorar novas reflex\u00f5es sobre o sentido da vida. Entretanto, havia tamb\u00e9m a consci\u00eancia de que as Igrejas muitas vezes n\u00e3o s\u00e3o mais capazes de atender \u00e0s novas necessidades religiosas dos homens e mulheres de hoje.  Forte, quase chocante, foi o discurso da te\u00f3loga alem\u00e3 Julia Knop. A partir do debate sobre o abuso de poder e a viol\u00eancia sexual por parte do clero e das pessoas consagradas, ela mostrou que mesmo entre os mais fi\u00e9is h\u00e1 uma eros\u00e3o de confian\u00e7a na Igreja. E a crise da Igreja \u2013 segundo o professor de Teologia Dogm\u00e1tica &#8211; est\u00e1 intimamente ligada \u00e0 crise de f\u00e9.  O te\u00f3logo reformado Stefan Tobler afirmou que a aus\u00eancia de Deus tamb\u00e9m pode ser uma chance. Apresentando alguns tra\u00e7os do misticismo de Madeleine Delbr\u00eal, Madre Teresa de Calcut\u00e1 e Chiara Lubich, ele ressaltou que precisamente a experi\u00eancia de um Deus que desaparece pode se tornar um lugar da revela\u00e7\u00e3o de Deus. &#8220;Deus se faz encontrar ali mesmo onde parece mais distante. N\u00e3o se trata, portanto, de traz\u00ea-lo, mas de descobri-lo no mundo&#8221;. <\/p>\n<p style=\"text-align: right;\"><em>Joachim Schwind<\/em><\/p>\n","protected":false},"excerpt":{"rendered":"<p>Junto com v\u00e1rios grupos cat\u00f3licos, o Movimento dos Focolares na Alemanha organizou uma confer\u00eancia on-line sobre a busca de Deus em um mundo onde Ele parece estar cada vez mais ausente. Foi tamb\u00e9m uma contribui\u00e7\u00e3o para a caminhada sinodal da Igreja Cat\u00f3lica na Alemanha.<\/p>\n","protected":false},"author":33,"featured_media":0,"comment_status":"open","ping_status":"open","sticky":false,"template":"","format":"standard","meta":{"give_campaign_id":0,"_seopress_robots_primary_cat":"","_seopress_titles_title":"","_seopress_titles_desc":"","_seopress_robots_index":"","_et_pb_use_builder":"","_et_pb_old_content":"","_et_gb_content_width":"","footnotes":""},"categories":[129],"tags":[],"class_list":["post-318082","post","type-post","status-publish","format-standard","hentry","category-sem-categoria"],"_links":{"self":[{"href":"https:\/\/www.focolare.org\/pt-pt\/wp-json\/wp\/v2\/posts\/318082","targetHints":{"allow":["GET"]}}],"collection":[{"href":"https:\/\/www.focolare.org\/pt-pt\/wp-json\/wp\/v2\/posts"}],"about":[{"href":"https:\/\/www.focolare.org\/pt-pt\/wp-json\/wp\/v2\/types\/post"}],"author":[{"embeddable":true,"href":"https:\/\/www.focolare.org\/pt-pt\/wp-json\/wp\/v2\/users\/33"}],"replies":[{"embeddable":true,"href":"https:\/\/www.focolare.org\/pt-pt\/wp-json\/wp\/v2\/comments?post=318082"}],"version-history":[{"count":0,"href":"https:\/\/www.focolare.org\/pt-pt\/wp-json\/wp\/v2\/posts\/318082\/revisions"}],"wp:attachment":[{"href":"https:\/\/www.focolare.org\/pt-pt\/wp-json\/wp\/v2\/media?parent=318082"}],"wp:term":[{"taxonomy":"category","embeddable":true,"href":"https:\/\/www.focolare.org\/pt-pt\/wp-json\/wp\/v2\/categories?post=318082"},{"taxonomy":"post_tag","embeddable":true,"href":"https:\/\/www.focolare.org\/pt-pt\/wp-json\/wp\/v2\/tags?post=318082"}],"curies":[{"name":"wp","href":"https:\/\/api.w.org\/{rel}","templated":true}]}}