{"id":318116,"date":"2021-04-08T01:00:33","date_gmt":"2021-04-07T23:00:33","guid":{"rendered":"https:\/\/www.focolare.org\/arthur-george-baum-um-irmao-especial-para-muitos-para-todos\/"},"modified":"2024-05-15T21:12:15","modified_gmt":"2024-05-15T19:12:15","slug":"arthur-george-baum-um-irmao-especial-para-muitos-para-todos","status":"publish","type":"post","link":"https:\/\/www.focolare.org\/pt-pt\/arthur-george-baum-um-irmao-especial-para-muitos-para-todos\/","title":{"rendered":"Arthur George Baum: um irm\u00e3o especial para muitos, para todos"},"content":{"rendered":"<p><em>Arthur George Baum foi para o C\u00e9u no dia 14 de fevereiro de 2021 aos 92 anos, em Augsburg, na Alemanha.<\/em>  Ele nasceu em 18 de maio de 1928, em Hinckley, uma cidade do Condado de Leicestershire, no cora\u00e7\u00e3o da Inglaterra. Solteiro, Volunt\u00e1rio de Deus e membro do Centro Internacional dos Volunt\u00e1rios, do Movimento dos Focolares, por muitos anos trabalhou na R\u00e1dio Vaticano, deixando de si muitas boas lembran\u00e7as.  No \u00faltimo m\u00eas de sua vida terrena encontrava-se numa casa de sa\u00fade, tendo sido operado do f\u00eamur ap\u00f3s uma queda.  Foi um dos primeiros Volunt\u00e1rios de Deus e fez parte do primeiro n\u00facleo no Centro Internacional dos Volunt\u00e1rios.  Uma particularidade sua era o humor, obviamente do tipo ingl\u00eas; mas era tamb\u00e9m muito organizado, poder\u00edamos dizer como um alem\u00e3o, e preciso como um su\u00ed\u00e7o, mas, principalmente, conseguia superar os obst\u00e1culos com a genialidade de um italiano. A respeito do seu senso de humor, H\u00e8ctor Lorenzo (Volunt\u00e1rio e amigo de Arthur), conta que era assim inclusive em situa\u00e7\u00f5es f\u00edsicas tr\u00e1gicas. Uma noite, depois das 23 horas, recebeu um telefonema: \u201cAqui \u00e9 o Arthur, estou com uma hemorragia na perna\u201d. H\u00e8ctor correu para o seu apartamento, com sua esposa e o filho, e depois do primeiro socorro chamaram logo uma ambul\u00e2ncia. J\u00e1 na rua, deitado na maca e antes de entrar na ambul\u00e2ncia, Arthur tirou do rosto o cobertor que o protegia do frio e disse: \u201cSabe, est\u00e1 faltando uma coisa\u201d. H\u00e9ctor perguntou: o que? E ele: \u201co meu chap\u00e9u!\u201d.  Com satisfa\u00e7\u00e3o ele tinha se transferido para a Alemanha, h\u00e1 cerca de 10 anos. Quem conheceu Arthur sabe que ele amava os ventos fortes da Irlanda e do norte da Inglaterra, se emocionava diante de uma flor, cantava os cantos do Tirol e algumas melodias de Elvis Presley, se regozijava com o sil\u00eancio das igrejas g\u00f3ticas ou do canto gregoriano, apreciava o vinho quente no inverno e produzia pequenas quantidades de hidromel, que sempre compartilhava com seus amigos. E o mesmo fazia com o gulasch quente e alguns pratos da cozinha oriental.  Arthur possu\u00eda a grande exig\u00eancia de construir uma forte unidade no n\u00facleo dos Volunt\u00e1rios: era sempre o primeiro a querer bem a todos e gerar o amor m\u00fatuo, criando um di\u00e1logo \u00edntimo de miseric\u00f3rdia.  H\u00e8ctor nos conta: \u201cEu fui companheiro de n\u00facleo do Arthur, no Centro dos Volunt\u00e1rios, e como morava, com a minha fam\u00edlia, ao lado do apartamento dele, n\u00f3s fomos enriquecidos pela sua personalidade especial e o seu testemunho evang\u00e9lico. O nosso filho, Juli\u00e1n, dizia que Arthur \u00e9 o seu nome, mas poderia ser chamado Humildade, Generosidade, Acolhida\u201d.  Arthur foi um homem distinto, de palavras essenciais, com uma religiosidade \u00edntima. Sabia passar de reflex\u00f5es s\u00e9rias a uma ironia sadia, para distinguir as atitudes construtivas de outras in\u00fateis ou nocivas. O seu sorriso eloquente falar\u00e1 sempre de gratid\u00e3o. <\/p>\n<p style=\"text-align: right;\"><em>Lorenzo Russo<\/em><\/p>\n<p> &nbsp;<\/p>\n","protected":false},"excerpt":{"rendered":"<p>Arthur George Baum foi para o C\u00e9u no dia 14 de fevereiro de 2021 aos 92 anos, em Augsburg, na Alemanha.<\/p>\n","protected":false},"author":33,"featured_media":0,"comment_status":"open","ping_status":"open","sticky":false,"template":"","format":"standard","meta":{"give_campaign_id":0,"_seopress_robots_primary_cat":"","_seopress_titles_title":"","_seopress_titles_desc":"","_seopress_robots_index":"","_et_pb_use_builder":"","_et_pb_old_content":"","_et_gb_content_width":"","footnotes":""},"categories":[129],"tags":[],"class_list":["post-318116","post","type-post","status-publish","format-standard","hentry","category-sem-categoria"],"_links":{"self":[{"href":"https:\/\/www.focolare.org\/pt-pt\/wp-json\/wp\/v2\/posts\/318116","targetHints":{"allow":["GET"]}}],"collection":[{"href":"https:\/\/www.focolare.org\/pt-pt\/wp-json\/wp\/v2\/posts"}],"about":[{"href":"https:\/\/www.focolare.org\/pt-pt\/wp-json\/wp\/v2\/types\/post"}],"author":[{"embeddable":true,"href":"https:\/\/www.focolare.org\/pt-pt\/wp-json\/wp\/v2\/users\/33"}],"replies":[{"embeddable":true,"href":"https:\/\/www.focolare.org\/pt-pt\/wp-json\/wp\/v2\/comments?post=318116"}],"version-history":[{"count":0,"href":"https:\/\/www.focolare.org\/pt-pt\/wp-json\/wp\/v2\/posts\/318116\/revisions"}],"wp:attachment":[{"href":"https:\/\/www.focolare.org\/pt-pt\/wp-json\/wp\/v2\/media?parent=318116"}],"wp:term":[{"taxonomy":"category","embeddable":true,"href":"https:\/\/www.focolare.org\/pt-pt\/wp-json\/wp\/v2\/categories?post=318116"},{"taxonomy":"post_tag","embeddable":true,"href":"https:\/\/www.focolare.org\/pt-pt\/wp-json\/wp\/v2\/tags?post=318116"}],"curies":[{"name":"wp","href":"https:\/\/api.w.org\/{rel}","templated":true}]}}