{"id":318138,"date":"2021-04-30T11:58:21","date_gmt":"2021-04-30T09:58:21","guid":{"rendered":"https:\/\/www.focolare.org\/a-semana-santa-ortodoxa\/"},"modified":"2024-05-15T21:12:19","modified_gmt":"2024-05-15T19:12:19","slug":"a-semana-santa-ortodoxa","status":"publish","type":"post","link":"https:\/\/www.focolare.org\/pt-pt\/a-semana-santa-ortodoxa\/","title":{"rendered":"A Semana Santa Ortodoxa"},"content":{"rendered":"<p><em>Aproxima-se a Santa P\u00e1scoa Ortodoxa que este ano \u00e9 comemorada no domingo, 2 de maio. Delia Surdu, uma focolarina ortodoxa romena, conta-nos como vive estes dias de expectativa.<\/em>  Ap\u00f3s celebrar a Festa das Palmas no domingo, 25 de abril, a Igreja Ortodoxa est\u00e1 vivendo agora a Semana Santa e prepara-se para celebrar a Ressurrei\u00e7\u00e3o do Senhor, em 2 de maio.  Delia Surdu \u00e9 una focolarina ortodoxa e vive no focolare de Velletri, perto de Roma (It\u00e1lia). N\u00f3s perguntamos-lhe <strong>como ela est\u00e1 vivendo esta Semana Santa com a pandemia:<\/strong>  &#8220;Devo dizer que \u00e9 uma Semana Santa um pouco especial por causa da situa\u00e7\u00e3o mundial, mas \u00e9 muito melhor do que no ano passado, quando aqui na It\u00e1lia est\u00e1vamos em total lockdown e s\u00f3 pod\u00edamos acompanhar as v\u00e1rias celebra\u00e7\u00f5es via internet. Hoje, agradecemos a Deus por podermos participar, mesmo que com hor\u00e1rios reduzidos! Nestes dias especiais, quando entramos em contato com tanto sofrimento causado pela pandemia e n\u00e3o apenas isso, pela solid\u00e3o que tantos experimentam&#8230; sinto que estamos mais pr\u00f3ximos de Jesus Cristo Crucificado e Abandonado e que, olhando para Ele, sem virar o rosto, para a paci\u00eancia com que Ele aceitou a dor, para o amor com que Ele deu Sua vida por n\u00f3s, receberemos for\u00e7as e nos ergueremos junto com Ele&#8221;!  <strong><img alt=\"\" alt=\"\" loading=\"lazy\" decoding=\"async\" class=\"size-medium wp-image-241734 alignleft\" src=\"https:\/\/www.focolare.org\/wp-content\/uploads\/2021\/04\/icona-266x340.jpeg\" alt=\"\" width=\"266\" height=\"340\" \/>Em sua comunidade voc\u00ea \u00e9 a \u00fanica ortodoxa, pois as outras focolarinas s\u00e3o cat\u00f3licas. Como vive \u00e0 espera desta P\u00e1scoa?<\/strong>  &#8220;Juntas!!! Esperamos juntas o grande dia para dizer novamente: Cristo ressuscitou!!! Celebramos juntas a P\u00e1scoa cat\u00f3lica, em 4 de abril, e agora estamos vivendo juntas um outro Tr\u00edduo Pascal, de acordo com a tradi\u00e7\u00e3o da Igreja Ortodoxa romena \u00e0 qual perten\u00e7o. As outras focolarinas participar\u00e3o comigo nas diversas celebra\u00e7\u00f5es e tamb\u00e9m me ajudar\u00e3o na prepara\u00e7\u00e3o dos alimentos t\u00edpicos da P\u00e1scoa. A esta altura, elas j\u00e1 aprenderam muito bem como faz\u00ea-lo! Desde que estou neste focolare, uma das maiores alegrias \u00e9 preparar &#8216;sarmale&#8217; (rolos de repolho com carne picada) junto com uma focolarina coreana e trocar sauda\u00e7\u00f5es de P\u00e1scoa, como \u00e9 tradi\u00e7\u00e3o em minha Igreja! Somos uma fam\u00edlia, ent\u00e3o a festa de uma \u00e9 a festa de todas&#8221;!  <strong>O que fiu que a impressionou na espiritualidade da unidade de Chiara Lubich e no Movimento dos Focolares? E como isso a inspira hoje para construir a fraternidade universal?<\/strong>  &#8220;Conheci o Movimento dos Focolares quando tinha 14 anos, e o que me impressionou foi descobrir que as palavras da Sagrada Escritura podiam ser vividas por qualquer pessoa, mesmo por uma jovem como eu, com simplicidade, na vida cotidiana. Senti-me fortemente atra\u00edda, de modo particular, pelas palavras: &#8220;Que todos sejam um&#8221; (Jo 17:21) e decidi viver para ajudar a realiz\u00e1-las! O ideal de unidade de Chiara inspira-me todos os dias em tudo o que fa\u00e7o: no meu trabalho com crian\u00e7as deficientes, no meu tempo livre, na comunidade do focolare, na minha igreja, etc., tentando reconhecer em todos um irm\u00e3o, uma irm\u00e3 para amar a fim de caminhar juntos em dire\u00e7\u00e3o \u00e0 fraternidade universal&#8221;.  <strong>Conte-nos um pouco sobre a sua experi\u00eancia de di\u00e1logo, que voc\u00ea vive diariamente com pessoas de outras Igrejas.<\/strong>  &#8220;Viver junto com pessoas que pertencem a uma Igreja diferente da minha \u00e9 um enriquecimento pessoal. Mais do que um di\u00e1logo, \u00e9 uma vida em conjunto, onde cada um no empenho de amar o outro traz \u00e0 tona o melhor de si mesmo e a beleza de sua pr\u00f3pria tradi\u00e7\u00e3o, e descobre o melhor e a beleza da Igreja do outro. Por exemplo, admiro-me pelo compromisso, atrav\u00e9s de diversas a\u00e7\u00f5es sociais, que as focolarinas cat\u00f3licas realizam na sociedade, assim como elas s\u00e3o atra\u00eddas pela percep\u00e7\u00e3o do Mist\u00e9rio que compreendem em nossa maneira de viver a f\u00e9 como ortodoxos&#8221;. <\/p>\n<p style=\"text-align: right;\"><em>Lorenzo Russo<\/em><\/p>\n<p> <strong>\u00a0<\/strong><strong>\u00a0<\/strong><\/p>\n","protected":false},"excerpt":{"rendered":"<p>Aproxima-se a Santa P\u00e1scoa Ortodoxa que este ano \u00e9 comemorada no domingo, 2 de maio. Delia Surdu, uma focolarina ortodoxa romena, conta-nos como vive estes dias de expectativa.<\/p>\n","protected":false},"author":33,"featured_media":0,"comment_status":"open","ping_status":"open","sticky":false,"template":"","format":"standard","meta":{"give_campaign_id":0,"_seopress_robots_primary_cat":"","_seopress_titles_title":"","_seopress_titles_desc":"","_seopress_robots_index":"","_et_pb_use_builder":"","_et_pb_old_content":"","_et_gb_content_width":"","footnotes":""},"categories":[129],"tags":[],"class_list":["post-318138","post","type-post","status-publish","format-standard","hentry","category-sem-categoria"],"_links":{"self":[{"href":"https:\/\/www.focolare.org\/pt-pt\/wp-json\/wp\/v2\/posts\/318138","targetHints":{"allow":["GET"]}}],"collection":[{"href":"https:\/\/www.focolare.org\/pt-pt\/wp-json\/wp\/v2\/posts"}],"about":[{"href":"https:\/\/www.focolare.org\/pt-pt\/wp-json\/wp\/v2\/types\/post"}],"author":[{"embeddable":true,"href":"https:\/\/www.focolare.org\/pt-pt\/wp-json\/wp\/v2\/users\/33"}],"replies":[{"embeddable":true,"href":"https:\/\/www.focolare.org\/pt-pt\/wp-json\/wp\/v2\/comments?post=318138"}],"version-history":[{"count":0,"href":"https:\/\/www.focolare.org\/pt-pt\/wp-json\/wp\/v2\/posts\/318138\/revisions"}],"wp:attachment":[{"href":"https:\/\/www.focolare.org\/pt-pt\/wp-json\/wp\/v2\/media?parent=318138"}],"wp:term":[{"taxonomy":"category","embeddable":true,"href":"https:\/\/www.focolare.org\/pt-pt\/wp-json\/wp\/v2\/categories?post=318138"},{"taxonomy":"post_tag","embeddable":true,"href":"https:\/\/www.focolare.org\/pt-pt\/wp-json\/wp\/v2\/tags?post=318138"}],"curies":[{"name":"wp","href":"https:\/\/api.w.org\/{rel}","templated":true}]}}