{"id":318184,"date":"2021-06-05T01:00:30","date_gmt":"2021-06-04T23:00:30","guid":{"rendered":"https:\/\/www.focolare.org\/um-minuto-pela-paz-2\/"},"modified":"2024-05-15T21:12:27","modified_gmt":"2024-05-15T19:12:27","slug":"um-minuto-pela-paz-2","status":"publish","type":"post","link":"https:\/\/www.focolare.org\/pt-pt\/um-minuto-pela-paz-2\/","title":{"rendered":"Um minuto pela paz"},"content":{"rendered":"<p><em>Ter\u00e7a-feira, 8 de junho de 2021, \u00e0s 13 horas, hora local, paremos em cada fuso hor\u00e1rio para rezar pela paz na Terra Santa, em Mianmar e em todo o mundo, cada um segundo sua tradi\u00e7\u00e3o.<\/em>  <img alt=\"\" alt=\"\" loading=\"lazy\" decoding=\"async\" class=\" wp-image-242487 alignright\" src=\"https:\/\/www.focolare.org\/wp-content\/uploads\/2021\/06\/EN_UMPP2021_top-1-496x340.jpg\" alt=\"\" width=\"416\" height=\"285\" \/>\u201cCom UM MINUTO PEA PAZ 2021 no dia 8 de junho \u00e0s 13h (local), convidamos a todos: cat\u00f3licos, crist\u00e3os de diferentes confiss\u00f5es, crentes de muitas religi\u00f5es, homens e mulheres de boa vontade a se unirem para rezar e trabalhar juntos pela paz no mundo inteiro, especialmente em Jerusal\u00e9m, entre israelenses e palestinos, e em Mianmar \u201d.Este \u00e9 o apelo lan\u00e7ado pelo F\u00f3rum Internacional da A\u00e7\u00e3o Cat\u00f3lica (IFCA) em conjunto com as CAs italiana e argentina, a Uni\u00e3o Mundial das Organiza\u00e7\u00f5es Cat\u00f3licas de Mulheres (UMOFC) e outras associa\u00e7\u00f5es.  O Movimento dos Focolares adere a esta iniciativa e convida a todos a se unirem espiritualmente neste momento particular.A data tem um alto significado simb\u00f3lico: no dia 8 de junho de 2014, aconteceu nos Jardins do Vaticano &#8211; Abu Mazen o encontro &#8220;<a href=\"http:\/\/w2.vatican.va\/content\/francesco\/it\/speeches\/2014\/june\/documents\/papa-francesco_20140608_invocazione-pace.html\">Invoca\u00e7\u00e3o pela paz<\/a>&#8221; promovido pelo <strong>Papa Francisco<\/strong> junto com o Presidente de Israel <strong>Simon Peres<\/strong>, o Presidente da Autoridade Palestina <strong>Ma\u1e25m\u016bd \u02bfAbb\u0101s<\/strong> <strong>\u2013 Abu Mazen<\/strong>,, com o Patriarca de Constantinopla <strong>Bartolomeu I<\/strong>. <strong>Margaret Karram<\/strong>, atual Presidente dos Focolares, tamb\u00e9m esteve presente neste encontro e, naquela ocasi\u00e3o, recitou a ora\u00e7\u00e3o pela paz de S\u00e3o Francisco de Assis.\u201c  Acredito no poder da ora\u00e7\u00e3o porque a vi em a\u00e7\u00e3o muitas vezes, como em 8 de junho de 2014, quando o Papa Francisco desejou aquele momento extraordin\u00e1rio que era a \u201cinvoca\u00e7\u00e3o pela paz\u201d na Terra Santa &#8211; lembra Karram <a href=\"https:\/\/www.avvenire.it\/chiesa\/pagine\/la-presidente-dei-focolari-dalla-crisi-usciamo-piu-umili-e-piu-umani\">em uma entrevista ao jornal italiano Avvenire<\/a> &#8211; (&#8230;) Tive o privil\u00e9gio de ler diante deles a ora\u00e7\u00e3o pela paz de S. Francisco de Assis. Foi uma experi\u00eancia muito forte. Poder-se-ia perguntar: &#8216;Mas esta ora\u00e7\u00e3o foi \u00fatil? Foi um ponto brilhante de se olhar, porque a ora\u00e7\u00e3o &#8211; como dizia o Cust\u00f3dio da Terra Santa na \u00e9poca &#8211; n\u00e3o \u00e9 algo que produz algo, a ora\u00e7\u00e3o gera algo. Ent\u00e3o, devemos continuar gerando primeiro a paz dentro do nosso cora\u00e7\u00e3o, no cora\u00e7\u00e3o de todos e com todos\u201d.Desde aquela data hist\u00f3rica, todos os anos, no dia 8 de junho, o F\u00f3rum Internacional da A\u00e7\u00e3o Cat\u00f3lica convida a \u00abUm Minuto pela Paz\u00bb, para implorar juntos, em todo o planeta, o fim de todos os conflitos. \u00c9 a nossa vez! Vamos envolver e divulgar esta iniciativa para contar cada vez mais MINUTOS DE PAZ no mundo inteiro. <\/p>\n<p style=\"text-align: right;\"><em>Lorenzo Russo<\/em><\/p>\n<p> Info: <a href=\"http:\/\/www.catholicactionforum.org\/un-minuto-por-la-paz-2021\/?lang=en#loaded\" target=\"_blank\" rel=\"noopener\">International Forum Catholic Action<\/a><\/p>\n","protected":false},"excerpt":{"rendered":"<p>Ter\u00e7a-feira, 8 de junho de 2021, \u00e0s 13 horas, hora local, paremos em cada fuso hor\u00e1rio para rezar pela paz na Terra Santa, em Mianmar e em todo o mundo, cada um segundo sua tradi\u00e7\u00e3o.<\/p>\n","protected":false},"author":33,"featured_media":0,"comment_status":"open","ping_status":"open","sticky":false,"template":"","format":"standard","meta":{"give_campaign_id":0,"_seopress_robots_primary_cat":"","_seopress_titles_title":"","_seopress_titles_desc":"","_seopress_robots_index":"","_et_pb_use_builder":"","_et_pb_old_content":"","_et_gb_content_width":"","footnotes":""},"categories":[129],"tags":[],"class_list":["post-318184","post","type-post","status-publish","format-standard","hentry","category-sem-categoria"],"_links":{"self":[{"href":"https:\/\/www.focolare.org\/pt-pt\/wp-json\/wp\/v2\/posts\/318184","targetHints":{"allow":["GET"]}}],"collection":[{"href":"https:\/\/www.focolare.org\/pt-pt\/wp-json\/wp\/v2\/posts"}],"about":[{"href":"https:\/\/www.focolare.org\/pt-pt\/wp-json\/wp\/v2\/types\/post"}],"author":[{"embeddable":true,"href":"https:\/\/www.focolare.org\/pt-pt\/wp-json\/wp\/v2\/users\/33"}],"replies":[{"embeddable":true,"href":"https:\/\/www.focolare.org\/pt-pt\/wp-json\/wp\/v2\/comments?post=318184"}],"version-history":[{"count":0,"href":"https:\/\/www.focolare.org\/pt-pt\/wp-json\/wp\/v2\/posts\/318184\/revisions"}],"wp:attachment":[{"href":"https:\/\/www.focolare.org\/pt-pt\/wp-json\/wp\/v2\/media?parent=318184"}],"wp:term":[{"taxonomy":"category","embeddable":true,"href":"https:\/\/www.focolare.org\/pt-pt\/wp-json\/wp\/v2\/categories?post=318184"},{"taxonomy":"post_tag","embeddable":true,"href":"https:\/\/www.focolare.org\/pt-pt\/wp-json\/wp\/v2\/tags?post=318184"}],"curies":[{"name":"wp","href":"https:\/\/api.w.org\/{rel}","templated":true}]}}