{"id":318224,"date":"2021-07-07T01:00:35","date_gmt":"2021-07-06T23:00:35","guid":{"rendered":"https:\/\/www.focolare.org\/delegacao-da-igreja-luterana-em-visita-ao-centro-do-movimento-dos-focolares\/"},"modified":"2024-05-15T21:12:39","modified_gmt":"2024-05-15T19:12:39","slug":"delegacao-da-igreja-luterana-em-visita-ao-centro-do-movimento-dos-focolares","status":"publish","type":"post","link":"https:\/\/www.focolare.org\/pt-pt\/delegacao-da-igreja-luterana-em-visita-ao-centro-do-movimento-dos-focolares\/","title":{"rendered":"Delega\u00e7\u00e3o da Igreja luterana em visita ao Centro do Movimento dos Focolares"},"content":{"rendered":"<p><em>O encontro com a presidente Margaret Karram e o Copresidente Jes\u00fas Mor\u00e1n foi uma ocasi\u00e3o de conhecimento mutuo e profunda comunh\u00e3o no compromisso comum para a unidade.<\/em>  <img alt=\"\" alt=\"\" loading=\"lazy\" decoding=\"async\" class=\"wp-image-243074 alignright\" src=\"https:\/\/www.focolare.org\/wp-content\/uploads\/2021\/07\/VSCIMF-20210626-101301-watermarked-510x340.jpg\" alt=\"\" width=\"371\" height=\"247\" \/>S\u00e1bado, 26 de junho uma delega\u00e7\u00e3o da Igreja Luterana Alem\u00e3 visitou o Centro Internacional do Movimento dos Focolares em Rocca di Papa (It\u00e1lia). Acolhidos pela Presidente dos Focolares Margaret Karram e o Copresidente Jes\u00fas Mor\u00e1n, os membros da delega\u00e7\u00e3o tamb\u00e9m se reuniram com o Centro \u201cUno\u201d para a unidade dos crist\u00e3os e alguns membros do Conselho Geral do Movimento.  Integravam a delega\u00e7\u00e3o o Bispo Frank-Rotfried July, Presidente da Se\u00e7\u00e3o Alem\u00e3 da Federa\u00e7\u00e3o Luterana Mundial (DKN\/FLM), os Bispos Ralf Meister e Karl-Heinrich Manzke, respectivamente Presidente e respons\u00e1vel pelas rela\u00e7\u00f5es com a Igreja cat\u00f3lica da Uni\u00e3o de Igrejas Luteranas Alem\u00e3s (VELKD). Foi uma ocasi\u00e3o de conhecimento rec\u00edproco e profunda comunh\u00e3o.  A escuta rec\u00edproca permitiu que todos se sentissem como irm\u00e3os e irm\u00e3s j\u00e1 unidos em Cristo. O encontro com a Presidente Karram e o Copresidente Mor\u00e1n, em especial, foi um momento de interc\u00e2mbio sobre como enfrentar os desafios do mundo de hoje.  <img alt=\"\" alt=\"\" loading=\"lazy\" decoding=\"async\" class=\"wp-image-243075 alignleft\" src=\"https:\/\/www.focolare.org\/wp-content\/uploads\/2021\/07\/VSCIMF-20210626-104349-watermarked-510x340.jpg\" alt=\"\" width=\"360\" height=\"240\" \/>Emergiu do di\u00e1logo uma conson\u00e2ncia na \u201cpaix\u00e3o pela unidade em Cristo\u201d que, no entanto, deve estender-se a toda a humanidade: o amor evang\u00e9lico impele-nos a procurar a irm\u00e3 e o irm\u00e3o que est\u00e1 ao nosso lado.  A partilha de exemplos concretos de vida evang\u00e9lica, de reconcilia\u00e7\u00e3o, mesmo em pequenos epis\u00f3dios, de escolha de Deus na vida quotidiana, ofereceu aos participantes, esperan\u00e7a no caminho da unidade que est\u00e1 sendo percorrido tamb\u00e9m no \u00e2mbito teol\u00f3gico e institucional. \u201cMudar de perspectiva, disse um dos Bispos, significa concretizar mais o que representa seguir o Messias. Come\u00e7ando por n\u00f3s mesmos, n\u00e3o nos perguntemos o que eu quero receber? Ao inv\u00e9s, pensemos o que eu quero dar, o que eu posso dar? Quem vive assim \u00e9 inspirado pelo Esp\u00edrito e quem \u00e9 inspirado pelo Esp\u00edrito \u00e9 sinal de esperan\u00e7a para mundo.\u201d  A delega\u00e7\u00e3o esteve em Roma por ocasi\u00e3o da comemora\u00e7\u00e3o dos quinhentos anos da excomunh\u00e3o de Martinho Lutero pelo Papa Le\u00e3o X que marcou, quatro anos ap\u00f3s o in\u00edcio da Reforma (1517), a ruptura definitiva dentro da Igreja do Ocidente. Um anivers\u00e1rio celebrado hoje, por\u00e9m, n\u00e3o para consolidar a ruptura, mas para ressaltar, aprofundar e desenvolver os mais de \u201ccinquenta anos de constante e frutuoso di\u00e1logo ecum\u00eanico entre cat\u00f3licos e luteranos\u201d que, como diz o documento escrito para a Comemora\u00e7\u00e3o Conjunta Cat\u00f3lico-Luterana da Reforma de 2016, <em>\u201cnos ajudaram a superar muitas diferen\u00e7as e aprofundaram o entendimento e a confian\u00e7a entre n\u00f3s\u201d<a href=\"#_ftn1\" name=\"_ftnref1\"><strong>[1]<\/strong><\/a>.<\/em>  Na v\u00e9spera da visita aos Focolares, o Papa Francisco, reunido com representantes da Federa\u00e7\u00e3o Luterana Mundial no anivers\u00e1rio do <em>Confessio Augustana<\/em> (25 de junho de 1530), havia dito entre outras coisas: <em>&#8220;Queridos irm\u00e3os e irm\u00e3s, no caminho do conflito \u00e0 comunh\u00e3o, no dia da comemora\u00e7\u00e3o do Confessio Augustana voc\u00eas vieram a Roma para que a unidade cres\u00e7a entre n\u00f3s. (\u2026) Eu disse \u201cno caminho do conflito \u00e0 comunh\u00e3o\u201d, e este caminho s\u00f3 \u00e9 feito em crise: a crise que nos ajuda a amadurecer naquilo que estamos buscando. Desde o conflito que vivemos durante s\u00e9culos e s\u00e9culos, at\u00e9 a comunh\u00e3o que desejamos, e para isto entramos em crise. Uma crise que \u00e9 uma b\u00ean\u00e7\u00e3o do Senhor\u201d<a href=\"#_ftn2\" name=\"_ftnref2\"><strong>[2]<\/strong><\/a>.<\/em>  Durante sua estadia em Roma, a delega\u00e7\u00e3o da Igreja Luterana Alem\u00e3 teve v\u00e1rias reuni\u00f5es no Vaticano, como a do Cardeal Kurt Koch, Presidente do Pontif\u00edcio Conselho para a Promo\u00e7\u00e3o da Unidade dos Crist\u00e3os, na qual eles tamb\u00e9m trataram de quest\u00f5es pastorais prementes como, por exemplo, casamentos mistos, a admiss\u00e3o \u00e0 Eucaristia do parceiro n\u00e3o cat\u00f3lico.  Entre os compromissos previstos, al\u00e9m do encontro com o Movimento dos Focolares, havia tamb\u00e9m um com a Comunidade de Santo Eg\u00eddio.  &nbsp;  <span style=\"font-size: 14px;\"><a href=\"#_ftnref1\" name=\"_ftn1\">[1]<\/a> Dichiarazione Congiunta in occasione della Commemorazione Congiunta cattolico-luterana della Riforma, Lund (Svezia), 31 ottobre 2016 in <a href=\"https:\/\/www.vatican.va\/content\/francesco\/it\/events\/event.dir.html\/content\/vaticanevents\/it\/2016\/10\/31\/dichiarazione-congiunta.html\">https:\/\/www.vatican.va\/content\/francesco\/it\/events\/event.dir.html\/content\/vaticanevents\/it\/2016\/10\/31\/dichiarazione-congiunta.html<\/a><\/span>  <span style=\"font-size: 14px;\"><a href=\"#_ftnref2\" name=\"_ftn2\">[2]<\/a> Discorso di Papa Francesco ai rappresentanti della Federazione Luterana Mondiale, Roma (Italia), 25 giugno 2021 in https:\/\/www.vatican.va\/content\/francesco\/it\/speeches\/2021\/june\/documents\/20210625-federazione-luterana.html<\/span><\/p>\n","protected":false},"excerpt":{"rendered":"<p>O encontro com a presidente Margaret Karram e o Copresidente Jes\u00fas Mor\u00e1n foi uma ocasi\u00e3o de conhecimento mutuo e profunda comunh\u00e3o no compromisso comum para a unidade.<\/p>\n","protected":false},"author":33,"featured_media":0,"comment_status":"open","ping_status":"open","sticky":false,"template":"","format":"standard","meta":{"give_campaign_id":0,"_seopress_robots_primary_cat":"","_seopress_titles_title":"","_seopress_titles_desc":"","_seopress_robots_index":"","_et_pb_use_builder":"","_et_pb_old_content":"","_et_gb_content_width":"","footnotes":""},"categories":[129],"tags":[],"class_list":["post-318224","post","type-post","status-publish","format-standard","hentry","category-sem-categoria"],"_links":{"self":[{"href":"https:\/\/www.focolare.org\/pt-pt\/wp-json\/wp\/v2\/posts\/318224","targetHints":{"allow":["GET"]}}],"collection":[{"href":"https:\/\/www.focolare.org\/pt-pt\/wp-json\/wp\/v2\/posts"}],"about":[{"href":"https:\/\/www.focolare.org\/pt-pt\/wp-json\/wp\/v2\/types\/post"}],"author":[{"embeddable":true,"href":"https:\/\/www.focolare.org\/pt-pt\/wp-json\/wp\/v2\/users\/33"}],"replies":[{"embeddable":true,"href":"https:\/\/www.focolare.org\/pt-pt\/wp-json\/wp\/v2\/comments?post=318224"}],"version-history":[{"count":0,"href":"https:\/\/www.focolare.org\/pt-pt\/wp-json\/wp\/v2\/posts\/318224\/revisions"}],"wp:attachment":[{"href":"https:\/\/www.focolare.org\/pt-pt\/wp-json\/wp\/v2\/media?parent=318224"}],"wp:term":[{"taxonomy":"category","embeddable":true,"href":"https:\/\/www.focolare.org\/pt-pt\/wp-json\/wp\/v2\/categories?post=318224"},{"taxonomy":"post_tag","embeddable":true,"href":"https:\/\/www.focolare.org\/pt-pt\/wp-json\/wp\/v2\/tags?post=318224"}],"curies":[{"name":"wp","href":"https:\/\/api.w.org\/{rel}","templated":true}]}}