{"id":318256,"date":"2021-07-29T08:48:39","date_gmt":"2021-07-29T06:48:39","guid":{"rendered":"https:\/\/www.focolare.org\/alain-christnacht-nomeado-supervisor-independente-para-caso-de-abuso-de-ex-focolarino-frances\/"},"modified":"2024-05-15T21:12:46","modified_gmt":"2024-05-15T19:12:46","slug":"alain-christnacht-nomeado-supervisor-independente-para-caso-de-abuso-de-ex-focolarino-frances","status":"publish","type":"post","link":"https:\/\/www.focolare.org\/pt-pt\/alain-christnacht-nomeado-supervisor-independente-para-caso-de-abuso-de-ex-focolarino-frances\/","title":{"rendered":"Alain Christnacht nomeado supervisor independente para caso de abuso\u00a0de ex-focolarino franc\u00eas"},"content":{"rendered":"<p>No que se refere ao <a href=\"https:\/\/www.focolare.org\/download\/abusi-sessuali-di-un-ex-membro-consacrato-del-movimento-dei-focolari-in-francia\/?ind=1603372942314&amp;filename=UCF-00-20201022-Abusi-coinvolto-ex-membro-Focolari-in-Francia_CS_PT.pdf&amp;wpdmdl=237464&amp;refresh=610078dff27f31627420895\">caso de viol\u00eancia contra menores<\/a> por parte de J.M.M., ex-membro consagrado dos Focolares, o Movimento\u00a0em\u00a026\/07\/2021\u00a0instituiu um \u00d3rg\u00e3o de Fiscaliza\u00e7\u00e3o com\u00a0fun\u00e7\u00f5es de Supervisor Independente (FSI)\u00a0das investiga\u00e7\u00f5es em andamento conduzidas pela empresa <a href=\"https:\/\/gcps.consulting\/independent-inquiry-launched-into-abuse-cases-in-france\/\">GCPS Consulting<\/a>, comiss\u00e3o independente nomeada pelo Movimento dos Focolares em\u00a0dezembro de\u00a02020.  A\u00a0presidente dos Focolares Margaret Karram\u00a0juntamente com o Copresidente Jes\u00fas Mor\u00e1n\u00a0concederam\u00a0a\u00a0Alain Christnacht a fun\u00e7\u00e3o de Supervisor Independente. Este \u00f3rg\u00e3o foi constitu\u00eddo principalmente para garantir a prote\u00e7\u00e3o das v\u00edtimas e a correta condu\u00e7\u00e3o das\u00a0investiga\u00e7\u00f5es por parte da GCPS Consulting,\u00a0na qual\u00a0o Movimento renova a sua\u00a0total confian\u00e7a e que continua sendo\u00a0o \u00fanico \u00f3rg\u00e3o\u00a0autorizado a realizar a investiga\u00e7\u00e3o.  Para\u00a0quem\u00a0desejar entrar em contato com o Supervisor Independente\u00a0sobre as investiga\u00e7\u00f5es em andamento,\u00a0o endere\u00e7o de e-mail \u00e9 o seguinte: <a href=\"mailto:superviseurac@gmail.com\">superviseurac@gmail.com<\/a>  Em dezembro de 2021, a\u00a0GCPS Consulting preparar\u00e1 um\u00a0<strong>relat\u00f3rio p\u00fablico\u00a0<\/strong>detalhando as conclus\u00f5es e as recomenda\u00e7\u00f5es da comiss\u00e3o de inqu\u00e9rito. Nesse sentido,\u00a0a fiscaliza\u00e7\u00e3o do Supervisor\u00a0Independente, externo ao Movimento dos Focolares e \u00e0 GCPS Consulting,\u00a0representa\u00a0uma\u00a0garantia\u00a0adicional para as v\u00edtimas e uma\u00a0maior contribui\u00e7\u00e3o na\u00a0busca da verdade.  <em>Quem \u00e9 Alain Christnacht<\/em> Alain Christnacht, franc\u00eas,\u00a0\u00e9 um alto funcion\u00e1rio p\u00fablico;\u00a0ocupou cargos a n\u00edvel nacional como representante do governo no seu departamento e conselheiro de Estado. Hoje \u00e9 presidente da\u00a0<em>Samusocial\u00a0<\/em>de Paris, organiza\u00e7\u00e3o de interesse p\u00fablico que ajuda as pessoas sem-teto. Ex-presidente ou diretor de organiza\u00e7\u00f5es juvenis, desde 2016 preside uma comiss\u00e3o independente nacional de especialistas em pedofilia, composta por magistrados e m\u00e9dicos, consultora da Confer\u00eancia episcopal francesa. <\/p>\n<p style=\"text-align: right;\"><em>Stefania Tanesini <\/em><\/p>\n","protected":false},"excerpt":{"rendered":"<p>Alain Christnacht nomeado supervisor independente para caso de abuso\u00a0de ex-focolarino franc\u00eas<\/p>\n","protected":false},"author":33,"featured_media":0,"comment_status":"open","ping_status":"open","sticky":false,"template":"","format":"standard","meta":{"give_campaign_id":0,"_seopress_robots_primary_cat":"","_seopress_titles_title":"","_seopress_titles_desc":"","_seopress_robots_index":"","_et_pb_use_builder":"","_et_pb_old_content":"","_et_gb_content_width":"","footnotes":""},"categories":[129,3306],"tags":[3198],"class_list":["post-318256","post","type-post","status-publish","format-standard","hentry","category-sem-categoria","category-tutela-minori-pt-pt","tag-ppg-pt-pt"],"_links":{"self":[{"href":"https:\/\/www.focolare.org\/pt-pt\/wp-json\/wp\/v2\/posts\/318256","targetHints":{"allow":["GET"]}}],"collection":[{"href":"https:\/\/www.focolare.org\/pt-pt\/wp-json\/wp\/v2\/posts"}],"about":[{"href":"https:\/\/www.focolare.org\/pt-pt\/wp-json\/wp\/v2\/types\/post"}],"author":[{"embeddable":true,"href":"https:\/\/www.focolare.org\/pt-pt\/wp-json\/wp\/v2\/users\/33"}],"replies":[{"embeddable":true,"href":"https:\/\/www.focolare.org\/pt-pt\/wp-json\/wp\/v2\/comments?post=318256"}],"version-history":[{"count":0,"href":"https:\/\/www.focolare.org\/pt-pt\/wp-json\/wp\/v2\/posts\/318256\/revisions"}],"wp:attachment":[{"href":"https:\/\/www.focolare.org\/pt-pt\/wp-json\/wp\/v2\/media?parent=318256"}],"wp:term":[{"taxonomy":"category","embeddable":true,"href":"https:\/\/www.focolare.org\/pt-pt\/wp-json\/wp\/v2\/categories?post=318256"},{"taxonomy":"post_tag","embeddable":true,"href":"https:\/\/www.focolare.org\/pt-pt\/wp-json\/wp\/v2\/tags?post=318256"}],"curies":[{"name":"wp","href":"https:\/\/api.w.org\/{rel}","templated":true}]}}