{"id":318264,"date":"2021-08-10T01:00:46","date_gmt":"2021-08-09T23:00:46","guid":{"rendered":"https:\/\/www.focolare.org\/irma-antonia-moioli-bem-aventurados-sejam-aqueles-que-seguem-os-meus-caminhos\/"},"modified":"2024-05-15T21:12:47","modified_gmt":"2024-05-15T19:12:47","slug":"irma-antonia-moioli-bem-aventurados-sejam-aqueles-que-seguem-os-meus-caminhos","status":"publish","type":"post","link":"https:\/\/www.focolare.org\/pt-pt\/irma-antonia-moioli-bem-aventurados-sejam-aqueles-que-seguem-os-meus-caminhos\/","title":{"rendered":"Irm\u00e3 Antonia Moioli &#8211; &#8220;Bem-aventurados sejam aqueles que seguem os meus caminhos&#8221;."},"content":{"rendered":"<p><em>Em 30 de julho de 2021, a Irm\u00e3 Antonia Moioli deixou-nos, acompanhada pelo carinho e pelas ora\u00e7\u00f5es de muitas pessoas. Estava serena e tinha um sorriso espl\u00eandido.<\/em>  <img alt=\"\" alt=\"\" loading=\"lazy\" decoding=\"async\" class=\" wp-image-243823 alignright\" src=\"https:\/\/www.focolare.org\/wp-content\/uploads\/2021\/08\/suor-Antonia-Moioli-2.jpg\" alt=\"\" width=\"383\" height=\"204\" \/>Nascida em Alzano Lombardo (Bergamo, It\u00e1lia) em 13 de junho de 1949, em uma fam\u00edlia profundamente crist\u00e3, Antonia Moioli conheceu o Movimento dos Focolares aos 19 anos. A descoberta de Deus Amor impulsionou-a a querer amar a todos, desde as pessoas da fam\u00edlia at\u00e9 aquelas que trabalhavam na creche. \u00abEu me perguntava o que Deus queria de mim. Um padre sugeriu que eu n\u00e3o me preocupasse e que continuasse a viver o meu Ideal e a confiar em Jesus que disse: &#8220;Aos que me amam, eu me manifestarei. Eu confiei e me abandonei em Deus. Enquanto isso, percebi que tinha algumas religiosas muito animadas e livres como colegas. Eles me deram um livro de seu fundador, e quando o li, senti alegria pela sintonia que encontrei ali com o Ideal\u00bb.  Em 1971, ela entrou no Instituto das Irm\u00e3s do Menino Jesus, fez seus primeiros votos em 1974 e seus votos perp\u00e9tuos em 1980. Viveu a experi\u00eancia educacional com entusiasmo. Todos lembram-se dela por sua vitalidade, amor e paix\u00e3o por crian\u00e7as e jovens. Em 1977, foi para Roma, para a escola de Santa Maria dos Anjos, onde lecionou e se tornou Diretora do Instituto. Era uma figura de refer\u00eancia para muitos estudantes. Seus deveres institucionais n\u00e3o a afastaram dos jovens, mas permitiram que ela lhes mostrasse a beleza de seguir Jesus. Em 1993, foi a \u00fanica freira a trabalhar no conselho de pastoral juvenil da diocese e da prefeitura.  Uma ex-aluna testemunha: &#8220;Irm\u00e3 Antonia era uma verdadeira mulher, capaz de mostrar \u00e0 Igreja a mais alta voca\u00e7\u00e3o da mulher: saber ser m\u00e3e, gerar constantemente seus filhos para a f\u00e9, para o encontro com Jesus. &#8230;como m\u00e3e que conhece o potencial de seus filhos, ela n\u00e3o parou diante de nossas reclama\u00e7\u00f5es. &#8230;uma mulher forte, capaz de mostrar sua humanidade. Durante a recep\u00e7\u00e3o dos jovens peregrinos que tinham vindo a Roma para o Dia Mundial da Juventude (em 2000), Ir. Antonia veio at\u00e9 mim e disse: &#8220;voc\u00ea vai lavar os banheiros do gin\u00e1sio&#8221;. Eu teria preferido me dedicar a outras atividades. Antes de come\u00e7ar, a Irm\u00e3 Antonia me disse que, para realmente servir as pessoas, voc\u00ea tem que sujar as m\u00e3os. E l\u00e1 notei a coisa mais bela que me fez reconhec\u00ea-la como uma verdadeira educadora: ela come\u00e7ou a limpar os banheiros comigo. &#8230; Eu via uma mulher forte, feliz por ser freira e educadora, uma mulher plena e realizada&#8221;.  Ela queria que todos experimentassem que amar \u00e9 dar a pr\u00f3pria vida, momento por momento. Outra caracter\u00edstica dela, t\u00edpica do carisma de sua congrega\u00e7\u00e3o, era seu amor pelos pobres e sua sensibilidade para com aqueles que tinham que lutar, as pessoas mais simples. Tamb\u00e9m tinha um grande amor pelas irm\u00e3s que eram mais velhas do que ela. Em 1996, foi respons\u00e1vel pela It\u00e1lia e animou as comunidades com seu entusiasmo de sempre. Quando seu mandato terminou, dedicou-se por dois anos ao servi\u00e7o do Centro Internacional das Religiosos do Movimento dos Focolares, continuando ainda depois disso, enquanto ocupava outros cargos. Celebrando 25 anos de consagra\u00e7\u00e3o, ela escreveu: &#8220;Nestes 25 anos, experimentei Sua fidelidade mais forte do que as minhas infidelidades. O imenso amor de Deus cura, encoraja, apoia, \u00e9 o para\u00edso&#8221;. E tamb\u00e9m: &#8220;Ao recome\u00e7ar, sempre que lutei ou falhei, sempre me senti envolvida por um amor imenso, Maria e o carisma da Unidade foram essenciais para fazer de mim uma verdadeira filha de meu fundador, com um cora\u00e7\u00e3o estendido a todas as express\u00f5es eclesiais e \u00e0 humanidade&#8221;.  Nos \u00faltimos anos, enfrentou fraquezas e doen\u00e7a: nada lhe foi poupado e foi convidada a entregar tudo! Nela, as palavras do fundador Nicola Barr\u00e9 realizaram-se: &#8216;Esta noite \u00e9 um dia espl\u00eandido&#8217;, e como a presidente do Movimento dos Focolares, Margaret Karram, escreveu: &#8216;A Irm\u00e3 Antonia deixa o exemplo de uma verdadeira disc\u00edpula de Jesus, fiel a viver a Palavra e a segui-lo constantemente, que trabalhou incansavelmente e nos mais variados n\u00edveis para a realiza\u00e7\u00e3o do \u2018que todos sejam um&#8217;. <\/p>\n<p style=\"text-align: right;\"><em>Irm\u00e3 Tiziana Longhitano<\/em><\/p>\n","protected":false},"excerpt":{"rendered":"<p>Em 30 de julho de 2021, a Irm\u00e3 Antonia Moioli deixou-nos, acompanhada pelo carinho e pelas ora\u00e7\u00f5es de muitas pessoas. Estava serena e tinha um sorriso espl\u00eandido.<\/p>\n","protected":false},"author":33,"featured_media":0,"comment_status":"open","ping_status":"open","sticky":false,"template":"","format":"standard","meta":{"give_campaign_id":0,"_seopress_robots_primary_cat":"","_seopress_titles_title":"","_seopress_titles_desc":"","_seopress_robots_index":"","_et_pb_use_builder":"","_et_pb_old_content":"","_et_gb_content_width":"","footnotes":""},"categories":[129],"tags":[],"class_list":["post-318264","post","type-post","status-publish","format-standard","hentry","category-sem-categoria"],"_links":{"self":[{"href":"https:\/\/www.focolare.org\/pt-pt\/wp-json\/wp\/v2\/posts\/318264","targetHints":{"allow":["GET"]}}],"collection":[{"href":"https:\/\/www.focolare.org\/pt-pt\/wp-json\/wp\/v2\/posts"}],"about":[{"href":"https:\/\/www.focolare.org\/pt-pt\/wp-json\/wp\/v2\/types\/post"}],"author":[{"embeddable":true,"href":"https:\/\/www.focolare.org\/pt-pt\/wp-json\/wp\/v2\/users\/33"}],"replies":[{"embeddable":true,"href":"https:\/\/www.focolare.org\/pt-pt\/wp-json\/wp\/v2\/comments?post=318264"}],"version-history":[{"count":0,"href":"https:\/\/www.focolare.org\/pt-pt\/wp-json\/wp\/v2\/posts\/318264\/revisions"}],"wp:attachment":[{"href":"https:\/\/www.focolare.org\/pt-pt\/wp-json\/wp\/v2\/media?parent=318264"}],"wp:term":[{"taxonomy":"category","embeddable":true,"href":"https:\/\/www.focolare.org\/pt-pt\/wp-json\/wp\/v2\/categories?post=318264"},{"taxonomy":"post_tag","embeddable":true,"href":"https:\/\/www.focolare.org\/pt-pt\/wp-json\/wp\/v2\/tags?post=318264"}],"curies":[{"name":"wp","href":"https:\/\/api.w.org\/{rel}","templated":true}]}}